{"id":114179,"date":"2023-02-10T12:58:28","date_gmt":"2023-02-10T15:58:28","guid":{"rendered":"https:\/\/acs.org.br\/antigo\/?p=114179"},"modified":"2023-02-10T12:58:28","modified_gmt":"2023-02-10T15:58:28","slug":"cafe-mercado-futuro-do-cafe-arabica-volta-a-operar-no-positivo-apos-ajustes-em-nova-york","status":"publish","type":"post","link":"https:\/\/acs.org.br\/academy\/cafe-mercado-futuro-do-cafe-arabica-volta-a-operar-no-positivo-apos-ajustes-em-nova-york\/","title":{"rendered":"CAF\u00c9: Mercado futuro do caf\u00e9 ar\u00e1bica volta a operar no positivo ap\u00f3s ajustes em Nova York"},"content":{"rendered":"<p>Fonte: Caf\u00e9 Point \u00a0<\/p>\n<p>O mercado futuro do caf\u00e9 ar\u00e1bica voltou a subir na manh\u00e3 desta sexta-feira (10), na Bolsa de Nova York (ICE Future US). O caf\u00e9 volta a operar no positivo ap\u00f3s ajustes em Nova York.<\/p>\n<p>De acordo com Lu\u00eds Fernando Reis, analista da Cooperativa Regional de Cafeicultores em Guaxup\u00e9 (Cooxup\u00e9), o mercado segue travado e com poucas negocia\u00e7\u00f5es. Segundo ele, existe uma &#8220;queda de bra\u00e7o&#8221; entre comprador e vendedor, apesar do f\u00edsico pagar a mais para o produtor neste momento. Mercado invertido trava negocia\u00e7\u00f5es, mas o produtor precisa participar para n\u00e3o perder bons neg\u00f3cios que podem surgir.<\/p>\n<p><a href=\"https:\/\/www.cafepoint.com.br\/noticias\/giro-de-noticias\/mercado-futuro-do-cafe-arabica-volta-a-operar-no-positivo-apos-ajustes-em-nova-york-232773\/\">LEIA MAIS&#8230;<\/a><\/p>\n","protected":false},"excerpt":{"rendered":"<p>Fonte: Caf\u00e9 Point \u00a0 O mercado futuro do caf\u00e9 ar\u00e1bica voltou a subir na manh\u00e3 desta sexta-feira (10), na Bolsa de Nova York (ICE Future US). O caf\u00e9 volta a operar no positivo ap\u00f3s ajustes em Nova York. De acordo com Lu\u00eds Fernando Reis, analista da Cooperativa Regional de Cafeicultores em Guaxup\u00e9 (Cooxup\u00e9), o mercado [&hellip;]<\/p>\n","protected":false},"author":66,"featured_media":0,"comment_status":"open","ping_status":"open","sticky":false,"template":"","format":"standard","meta":{"footnotes":""},"categories":[105],"tags":[],"_links":{"self":[{"href":"https:\/\/acs.org.br\/academy\/wp-json\/wp\/v2\/posts\/114179"}],"collection":[{"href":"https:\/\/acs.org.br\/academy\/wp-json\/wp\/v2\/posts"}],"about":[{"href":"https:\/\/acs.org.br\/academy\/wp-json\/wp\/v2\/types\/post"}],"author":[{"embeddable":true,"href":"https:\/\/acs.org.br\/academy\/wp-json\/wp\/v2\/users\/66"}],"replies":[{"embeddable":true,"href":"https:\/\/acs.org.br\/academy\/wp-json\/wp\/v2\/comments?post=114179"}],"version-history":[{"count":1,"href":"https:\/\/acs.org.br\/academy\/wp-json\/wp\/v2\/posts\/114179\/revisions"}],"predecessor-version":[{"id":114188,"href":"https:\/\/acs.org.br\/academy\/wp-json\/wp\/v2\/posts\/114179\/revisions\/114188"}],"wp:attachment":[{"href":"https:\/\/acs.org.br\/academy\/wp-json\/wp\/v2\/media?parent=114179"}],"wp:term":[{"taxonomy":"category","embeddable":true,"href":"https:\/\/acs.org.br\/academy\/wp-json\/wp\/v2\/categories?post=114179"},{"taxonomy":"post_tag","embeddable":true,"href":"https:\/\/acs.org.br\/academy\/wp-json\/wp\/v2\/tags?post=114179"}],"curies":[{"name":"wp","href":"https:\/\/api.w.org\/{rel}","templated":true}]}}