{"id":114177,"date":"2023-02-10T12:58:27","date_gmt":"2023-02-10T15:58:27","guid":{"rendered":"https:\/\/acs.org.br\/antigo\/?p=114177"},"modified":"2023-02-10T12:58:27","modified_gmt":"2023-02-10T15:58:27","slug":"mundo-zelenski-pede-cacas-e-diz-que-defende-europa","status":"publish","type":"post","link":"https:\/\/acs.org.br\/academy\/mundo-zelenski-pede-cacas-e-diz-que-defende-europa\/","title":{"rendered":"MUNDO: Zelenski pede ca\u00e7as e diz que defende Europa"},"content":{"rendered":"<p>Fonte: \u00a0A Tribuna<\/p>\n<p>O presidente ucraniano, Volodmir Zelenski, pediu ontem aos l\u00edderes da Uni\u00e3o Europeia mais equipamentos militares, incluindo avi\u00f5es de guerra, para acabar o quanto antes com a guerra causada pela invas\u00e3o russa, iniciada h\u00e1 quase um ano.<\/p>\n<p><a href=\"https:\/\/www.atribuna.com.br\/noticias\/mundo\/zelenski-pede-cacas-e-diz-que-defende-europa\">LEIA MAIS&#8230;<\/a><\/p>\n","protected":false},"excerpt":{"rendered":"<p>Fonte: \u00a0A Tribuna O presidente ucraniano, Volodmir Zelenski, pediu ontem aos l\u00edderes da Uni\u00e3o Europeia mais equipamentos militares, incluindo avi\u00f5es de guerra, para acabar o quanto antes com a guerra causada pela invas\u00e3o russa, iniciada h\u00e1 quase um ano. LEIA MAIS&#8230;<\/p>\n","protected":false},"author":66,"featured_media":0,"comment_status":"open","ping_status":"open","sticky":false,"template":"","format":"standard","meta":{"footnotes":""},"categories":[105],"tags":[],"_links":{"self":[{"href":"https:\/\/acs.org.br\/academy\/wp-json\/wp\/v2\/posts\/114177"}],"collection":[{"href":"https:\/\/acs.org.br\/academy\/wp-json\/wp\/v2\/posts"}],"about":[{"href":"https:\/\/acs.org.br\/academy\/wp-json\/wp\/v2\/types\/post"}],"author":[{"embeddable":true,"href":"https:\/\/acs.org.br\/academy\/wp-json\/wp\/v2\/users\/66"}],"replies":[{"embeddable":true,"href":"https:\/\/acs.org.br\/academy\/wp-json\/wp\/v2\/comments?post=114177"}],"version-history":[{"count":1,"href":"https:\/\/acs.org.br\/academy\/wp-json\/wp\/v2\/posts\/114177\/revisions"}],"predecessor-version":[{"id":114187,"href":"https:\/\/acs.org.br\/academy\/wp-json\/wp\/v2\/posts\/114177\/revisions\/114187"}],"wp:attachment":[{"href":"https:\/\/acs.org.br\/academy\/wp-json\/wp\/v2\/media?parent=114177"}],"wp:term":[{"taxonomy":"category","embeddable":true,"href":"https:\/\/acs.org.br\/academy\/wp-json\/wp\/v2\/categories?post=114177"},{"taxonomy":"post_tag","embeddable":true,"href":"https:\/\/acs.org.br\/academy\/wp-json\/wp\/v2\/tags?post=114177"}],"curies":[{"name":"wp","href":"https:\/\/api.w.org\/{rel}","templated":true}]}}