{"id":114176,"date":"2023-02-10T12:58:25","date_gmt":"2023-02-10T15:58:25","guid":{"rendered":"https:\/\/acs.org.br\/antigo\/?p=114176"},"modified":"2023-02-10T12:58:25","modified_gmt":"2023-02-10T15:58:25","slug":"transporte-governo-libera-r-10-milhoes-para-guaruja-iniciar-obras-do-aeroporto","status":"publish","type":"post","link":"https:\/\/acs.org.br\/academy\/transporte-governo-libera-r-10-milhoes-para-guaruja-iniciar-obras-do-aeroporto\/","title":{"rendered":"TRANSPORTE: Governo libera R$ 10 milh\u00f5es para Guaruj\u00e1 iniciar obras do aeroporto"},"content":{"rendered":"<p>Fonte: BE News<\/p>\n<p>A Prefeitura de Guaruj\u00e1 (vai lan\u00e7ar at\u00e9 o final do m\u00eas tr\u00eas editais que v\u00e3o concretizar o in\u00edcio da primeira fase do Aeroporto Civil Metropolitano de Guaruj\u00e1, localizado na Base A\u00e9rea de Santos. O munic\u00edpio recebeu a autoriza\u00e7\u00e3o da Secretaria Nacional de Avia\u00e7\u00e3o Civil. O Governo Federal anunciou que vai transferir R$ 10 milh\u00f5es para obras de amplia\u00e7\u00e3o da sua capacidade.<\/p>\n<p><a href=\"https:\/\/portalbenews.com.br\/editoria\/modais\/aeroportos\/governo-libera-r-10-milhoes-para-guaruja-iniciar-obras-do-aeroporto\/\">LEIA MAIS&#8230;<\/a><\/p>\n","protected":false},"excerpt":{"rendered":"<p>Fonte: BE News A Prefeitura de Guaruj\u00e1 (vai lan\u00e7ar at\u00e9 o final do m\u00eas tr\u00eas editais que v\u00e3o concretizar o in\u00edcio da primeira fase do Aeroporto Civil Metropolitano de Guaruj\u00e1, localizado na Base A\u00e9rea de Santos. O munic\u00edpio recebeu a autoriza\u00e7\u00e3o da Secretaria Nacional de Avia\u00e7\u00e3o Civil. O Governo Federal anunciou que vai transferir R$ [&hellip;]<\/p>\n","protected":false},"author":66,"featured_media":0,"comment_status":"open","ping_status":"open","sticky":false,"template":"","format":"standard","meta":{"footnotes":""},"categories":[105],"tags":[],"_links":{"self":[{"href":"https:\/\/acs.org.br\/academy\/wp-json\/wp\/v2\/posts\/114176"}],"collection":[{"href":"https:\/\/acs.org.br\/academy\/wp-json\/wp\/v2\/posts"}],"about":[{"href":"https:\/\/acs.org.br\/academy\/wp-json\/wp\/v2\/types\/post"}],"author":[{"embeddable":true,"href":"https:\/\/acs.org.br\/academy\/wp-json\/wp\/v2\/users\/66"}],"replies":[{"embeddable":true,"href":"https:\/\/acs.org.br\/academy\/wp-json\/wp\/v2\/comments?post=114176"}],"version-history":[{"count":1,"href":"https:\/\/acs.org.br\/academy\/wp-json\/wp\/v2\/posts\/114176\/revisions"}],"predecessor-version":[{"id":114186,"href":"https:\/\/acs.org.br\/academy\/wp-json\/wp\/v2\/posts\/114176\/revisions\/114186"}],"wp:attachment":[{"href":"https:\/\/acs.org.br\/academy\/wp-json\/wp\/v2\/media?parent=114176"}],"wp:term":[{"taxonomy":"category","embeddable":true,"href":"https:\/\/acs.org.br\/academy\/wp-json\/wp\/v2\/categories?post=114176"},{"taxonomy":"post_tag","embeddable":true,"href":"https:\/\/acs.org.br\/academy\/wp-json\/wp\/v2\/tags?post=114176"}],"curies":[{"name":"wp","href":"https:\/\/api.w.org\/{rel}","templated":true}]}}