{"id":114171,"date":"2023-02-10T12:58:18","date_gmt":"2023-02-10T15:58:18","guid":{"rendered":"https:\/\/acs.org.br\/antigo\/?p=114171"},"modified":"2023-02-10T13:14:35","modified_gmt":"2023-02-10T16:14:35","slug":"economia-ibovespa-sobe-de-olho-em-risco-de-bc-ceder-a-pressoes-do-governo-dolar-passa-a-cair","status":"publish","type":"post","link":"https:\/\/acs.org.br\/academy\/economia-ibovespa-sobe-de-olho-em-risco-de-bc-ceder-a-pressoes-do-governo-dolar-passa-a-cair\/","title":{"rendered":"ECONOMIA: Ibovespa sobe de olho em risco de BC ceder a press\u00f5es do governo; d\u00f3lar passa a cair"},"content":{"rendered":"<p>Fonte: CNN Brasil<\/p>\n<p>O Ibovespa tinha leve alta na abertura desta sexta-feira (10), em meio \u00e0s tens\u00f5es entre o governo e o Banco Central (BC) e o tombo do Bradesco, que divulgou resultados abaixo do esperado pelo mercado e liderava as perdas do \u00edndice neste preg\u00e3o.<\/p>\n<p>O principal \u00edndice da bolsa subia 0, 24% \u00e0s 10h36, aos 108.272 pontos. No mesmo hor\u00e1rio, o d\u00f3lar, que come\u00e7ou o dia em alta acentuada, recuava 0,68%, a R$ 5,255.<\/p>\n<p><a href=\"https:\/\/www.cnnbrasil.com.br\/business\/mercados-hoje-10-de-fevereiro-de-2023\/\">LEIA MAIS&#8230;<\/a><\/p>\n","protected":false},"excerpt":{"rendered":"<p>Fonte: CNN Brasil O Ibovespa tinha leve alta na abertura desta sexta-feira (10), em meio \u00e0s tens\u00f5es entre o governo e o Banco Central (BC) e o tombo do Bradesco, que divulgou resultados abaixo do esperado pelo mercado e liderava as perdas do \u00edndice neste preg\u00e3o. O principal \u00edndice da bolsa subia 0, 24% \u00e0s [&hellip;]<\/p>\n","protected":false},"author":66,"featured_media":0,"comment_status":"open","ping_status":"open","sticky":false,"template":"","format":"standard","meta":{"footnotes":""},"categories":[105],"tags":[],"_links":{"self":[{"href":"https:\/\/acs.org.br\/academy\/wp-json\/wp\/v2\/posts\/114171"}],"collection":[{"href":"https:\/\/acs.org.br\/academy\/wp-json\/wp\/v2\/posts"}],"about":[{"href":"https:\/\/acs.org.br\/academy\/wp-json\/wp\/v2\/types\/post"}],"author":[{"embeddable":true,"href":"https:\/\/acs.org.br\/academy\/wp-json\/wp\/v2\/users\/66"}],"replies":[{"embeddable":true,"href":"https:\/\/acs.org.br\/academy\/wp-json\/wp\/v2\/comments?post=114171"}],"version-history":[{"count":2,"href":"https:\/\/acs.org.br\/academy\/wp-json\/wp\/v2\/posts\/114171\/revisions"}],"predecessor-version":[{"id":114189,"href":"https:\/\/acs.org.br\/academy\/wp-json\/wp\/v2\/posts\/114171\/revisions\/114189"}],"wp:attachment":[{"href":"https:\/\/acs.org.br\/academy\/wp-json\/wp\/v2\/media?parent=114171"}],"wp:term":[{"taxonomy":"category","embeddable":true,"href":"https:\/\/acs.org.br\/academy\/wp-json\/wp\/v2\/categories?post=114171"},{"taxonomy":"post_tag","embeddable":true,"href":"https:\/\/acs.org.br\/academy\/wp-json\/wp\/v2\/tags?post=114171"}],"curies":[{"name":"wp","href":"https:\/\/api.w.org\/{rel}","templated":true}]}}