{"id":114152,"date":"2023-02-09T13:10:23","date_gmt":"2023-02-09T16:10:23","guid":{"rendered":"https:\/\/acs.org.br\/antigo\/?p=114152"},"modified":"2023-02-09T13:10:23","modified_gmt":"2023-02-09T16:10:23","slug":"mundo-governo-chines-diz-que-mortes-por-covid-19-cairam-976","status":"publish","type":"post","link":"https:\/\/acs.org.br\/academy\/mundo-governo-chines-diz-que-mortes-por-covid-19-cairam-976\/","title":{"rendered":"MUNDO: Governo chin\u00eas diz que mortes por covid-19 ca\u00edram 97,6%"},"content":{"rendered":"<p>Fonte: Ag\u00eancia Brasil<\/p>\n<p>O Centro de Controle de Doen\u00e7as da China informou que o n\u00famero de mortes por covid-19 nos hospitais do pa\u00eds diminuiu 97,6% diante do pico registrado em 4 de janeiro.<\/p>\n<p><a href=\"https:\/\/agenciabrasil.ebc.com.br\/internacional\/noticia\/2023-02\/governo-chines-diz-que-mortes-por-covid-19-cairam-976\">LEIA MAIS&#8230;<\/a><\/p>\n","protected":false},"excerpt":{"rendered":"<p>Fonte: Ag\u00eancia Brasil O Centro de Controle de Doen\u00e7as da China informou que o n\u00famero de mortes por covid-19 nos hospitais do pa\u00eds diminuiu 97,6% diante do pico registrado em 4 de janeiro. LEIA MAIS&#8230;<\/p>\n","protected":false},"author":66,"featured_media":0,"comment_status":"open","ping_status":"open","sticky":false,"template":"","format":"standard","meta":{"footnotes":""},"categories":[105],"tags":[],"_links":{"self":[{"href":"https:\/\/acs.org.br\/academy\/wp-json\/wp\/v2\/posts\/114152"}],"collection":[{"href":"https:\/\/acs.org.br\/academy\/wp-json\/wp\/v2\/posts"}],"about":[{"href":"https:\/\/acs.org.br\/academy\/wp-json\/wp\/v2\/types\/post"}],"author":[{"embeddable":true,"href":"https:\/\/acs.org.br\/academy\/wp-json\/wp\/v2\/users\/66"}],"replies":[{"embeddable":true,"href":"https:\/\/acs.org.br\/academy\/wp-json\/wp\/v2\/comments?post=114152"}],"version-history":[{"count":1,"href":"https:\/\/acs.org.br\/academy\/wp-json\/wp\/v2\/posts\/114152\/revisions"}],"predecessor-version":[{"id":114158,"href":"https:\/\/acs.org.br\/academy\/wp-json\/wp\/v2\/posts\/114152\/revisions\/114158"}],"wp:attachment":[{"href":"https:\/\/acs.org.br\/academy\/wp-json\/wp\/v2\/media?parent=114152"}],"wp:term":[{"taxonomy":"category","embeddable":true,"href":"https:\/\/acs.org.br\/academy\/wp-json\/wp\/v2\/categories?post=114152"},{"taxonomy":"post_tag","embeddable":true,"href":"https:\/\/acs.org.br\/academy\/wp-json\/wp\/v2\/tags?post=114152"}],"curies":[{"name":"wp","href":"https:\/\/api.w.org\/{rel}","templated":true}]}}