{"id":114151,"date":"2023-02-09T13:09:59","date_gmt":"2023-02-09T16:09:59","guid":{"rendered":"https:\/\/acs.org.br\/antigo\/?p=114151"},"modified":"2023-02-09T13:09:59","modified_gmt":"2023-02-09T16:09:59","slug":"mundo-biden-vai-discutir-guerra-da-ucrania-com-lula-tema-que-divide-os-dois-presidentes","status":"publish","type":"post","link":"https:\/\/acs.org.br\/academy\/mundo-biden-vai-discutir-guerra-da-ucrania-com-lula-tema-que-divide-os-dois-presidentes\/","title":{"rendered":"MUNDO: Biden vai discutir Guerra da Ucr\u00e2nia com Lula, tema que divide os dois presidentes"},"content":{"rendered":"<p>Fonte: Santaportal \u00a0\u00a0<\/p>\n<p>NA pauta da reuni\u00e3o de Luiz In\u00e1cio Lula da Silva (PT) e Joe Biden na Casa Branca, na sexta (10), um tema de discord\u00e2ncia entre Brasil e EUA estar\u00e1 \u00e0 mesa, em meio a consensos sobre democracia e ambiente.<\/p>\n<p><a href=\"https:\/\/santaportal.com.br\/geral\/biden-vai-discutir-guerra-da-ucrania-com-lula-tema-que-divide-os-dois-presidentes\/\">LEIA MAIS&#8230;<\/a><\/p>\n","protected":false},"excerpt":{"rendered":"<p>Fonte: Santaportal \u00a0\u00a0 NA pauta da reuni\u00e3o de Luiz In\u00e1cio Lula da Silva (PT) e Joe Biden na Casa Branca, na sexta (10), um tema de discord\u00e2ncia entre Brasil e EUA estar\u00e1 \u00e0 mesa, em meio a consensos sobre democracia e ambiente. LEIA MAIS&#8230;<\/p>\n","protected":false},"author":66,"featured_media":0,"comment_status":"open","ping_status":"open","sticky":false,"template":"","format":"standard","meta":{"footnotes":""},"categories":[105],"tags":[],"_links":{"self":[{"href":"https:\/\/acs.org.br\/academy\/wp-json\/wp\/v2\/posts\/114151"}],"collection":[{"href":"https:\/\/acs.org.br\/academy\/wp-json\/wp\/v2\/posts"}],"about":[{"href":"https:\/\/acs.org.br\/academy\/wp-json\/wp\/v2\/types\/post"}],"author":[{"embeddable":true,"href":"https:\/\/acs.org.br\/academy\/wp-json\/wp\/v2\/users\/66"}],"replies":[{"embeddable":true,"href":"https:\/\/acs.org.br\/academy\/wp-json\/wp\/v2\/comments?post=114151"}],"version-history":[{"count":1,"href":"https:\/\/acs.org.br\/academy\/wp-json\/wp\/v2\/posts\/114151\/revisions"}],"predecessor-version":[{"id":114157,"href":"https:\/\/acs.org.br\/academy\/wp-json\/wp\/v2\/posts\/114151\/revisions\/114157"}],"wp:attachment":[{"href":"https:\/\/acs.org.br\/academy\/wp-json\/wp\/v2\/media?parent=114151"}],"wp:term":[{"taxonomy":"category","embeddable":true,"href":"https:\/\/acs.org.br\/academy\/wp-json\/wp\/v2\/categories?post=114151"},{"taxonomy":"post_tag","embeddable":true,"href":"https:\/\/acs.org.br\/academy\/wp-json\/wp\/v2\/tags?post=114151"}],"curies":[{"name":"wp","href":"https:\/\/api.w.org\/{rel}","templated":true}]}}