{"id":114143,"date":"2023-02-09T13:08:58","date_gmt":"2023-02-09T16:08:58","guid":{"rendered":"https:\/\/acs.org.br\/antigo\/?p=114143"},"modified":"2023-02-09T13:08:58","modified_gmt":"2023-02-09T16:08:58","slug":"porto-inflacao-oficial-fica-em-053-em-janeiro-diz-ibge","status":"publish","type":"post","link":"https:\/\/acs.org.br\/academy\/porto-inflacao-oficial-fica-em-053-em-janeiro-diz-ibge\/","title":{"rendered":"PORTO: Infla\u00e7\u00e3o oficial fica em 0,53% em janeiro, diz IBGE"},"content":{"rendered":"<p>Fonte: Ag\u00eancia Brasil \u00a0\u00a0<\/p>\n<p>O \u00cdndice Nacional de Pre\u00e7os ao Consumidor Amplo (IPCA), que apura a infla\u00e7\u00e3o oficial do pa\u00eds, ficou em 0,53% em janeiro deste ano. A taxa \u00e9 menor que as observadas em dezembro (0,62%) e em janeiro de 2022 (0,54%). A informa\u00e7\u00e3o foi divulgada hoje (9), no Rio de Janeiro, pelo Instituto Brasileiro de Geografia e Estat\u00edstica (IBGE).<\/p>\n<p><a href=\"https:\/\/agenciabrasil.ebc.com.br\/economia\/noticia\/2023-02\/inflacao-oficial-fica-em-053-em-janeiro-diz-ibge\">LEIA MAIS&#8230;<\/a><\/p>\n","protected":false},"excerpt":{"rendered":"<p>Fonte: Ag\u00eancia Brasil \u00a0\u00a0 O \u00cdndice Nacional de Pre\u00e7os ao Consumidor Amplo (IPCA), que apura a infla\u00e7\u00e3o oficial do pa\u00eds, ficou em 0,53% em janeiro deste ano. A taxa \u00e9 menor que as observadas em dezembro (0,62%) e em janeiro de 2022 (0,54%). A informa\u00e7\u00e3o foi divulgada hoje (9), no Rio de Janeiro, pelo Instituto [&hellip;]<\/p>\n","protected":false},"author":66,"featured_media":0,"comment_status":"open","ping_status":"open","sticky":false,"template":"","format":"standard","meta":{"footnotes":""},"categories":[105],"tags":[],"_links":{"self":[{"href":"https:\/\/acs.org.br\/academy\/wp-json\/wp\/v2\/posts\/114143"}],"collection":[{"href":"https:\/\/acs.org.br\/academy\/wp-json\/wp\/v2\/posts"}],"about":[{"href":"https:\/\/acs.org.br\/academy\/wp-json\/wp\/v2\/types\/post"}],"author":[{"embeddable":true,"href":"https:\/\/acs.org.br\/academy\/wp-json\/wp\/v2\/users\/66"}],"replies":[{"embeddable":true,"href":"https:\/\/acs.org.br\/academy\/wp-json\/wp\/v2\/comments?post=114143"}],"version-history":[{"count":1,"href":"https:\/\/acs.org.br\/academy\/wp-json\/wp\/v2\/posts\/114143\/revisions"}],"predecessor-version":[{"id":114149,"href":"https:\/\/acs.org.br\/academy\/wp-json\/wp\/v2\/posts\/114143\/revisions\/114149"}],"wp:attachment":[{"href":"https:\/\/acs.org.br\/academy\/wp-json\/wp\/v2\/media?parent=114143"}],"wp:term":[{"taxonomy":"category","embeddable":true,"href":"https:\/\/acs.org.br\/academy\/wp-json\/wp\/v2\/categories?post=114143"},{"taxonomy":"post_tag","embeddable":true,"href":"https:\/\/acs.org.br\/academy\/wp-json\/wp\/v2\/tags?post=114143"}],"curies":[{"name":"wp","href":"https:\/\/api.w.org\/{rel}","templated":true}]}}