{"id":114142,"date":"2023-02-09T13:08:35","date_gmt":"2023-02-09T16:08:35","guid":{"rendered":"https:\/\/acs.org.br\/antigo\/?p=114142"},"modified":"2023-02-09T13:08:35","modified_gmt":"2023-02-09T16:08:35","slug":"economia-vendas-no-comercio-varejista-caem-26-em-dezembro-e-avancam-1-no-ano-diz-ibge","status":"publish","type":"post","link":"https:\/\/acs.org.br\/academy\/economia-vendas-no-comercio-varejista-caem-26-em-dezembro-e-avancam-1-no-ano-diz-ibge\/","title":{"rendered":"ECONOMIA: Vendas no com\u00e9rcio varejista caem 2,6% em dezembro e avan\u00e7am 1% no ano, diz IBGE"},"content":{"rendered":"<p>Fonte: CNN Brasil<\/p>\n<p>O volume de vendas do com\u00e9rcio varejista no pa\u00eds recuou 2,6% na passagem de novembro para dezembro, informou o Instituto Brasileiro de Geografia e Estat\u00edstica (IBGE) nesta quinta-feira (9). Essa \u00e9 a segunda queda consecutiva do setor.<\/p>\n<p>No acumulado de 2022, o varejo avan\u00e7ou 1% \u2014 o menor crescimento desde 2016, quando marcou recuo de 6,2%. Em rela\u00e7\u00e3o ao mesmo per\u00edodo de 2021, o setor apresentou alta de 0,4%.<\/p>\n<p><a href=\"https:\/\/www.cnnbrasil.com.br\/business\/vendas-no-comercio-varejista-caem-26-em-dezembro-e-avancam-1-no-ano-diz-ibge\/\">LEIA MAIS&#8230;<\/a><\/p>\n","protected":false},"excerpt":{"rendered":"<p>Fonte: CNN Brasil O volume de vendas do com\u00e9rcio varejista no pa\u00eds recuou 2,6% na passagem de novembro para dezembro, informou o Instituto Brasileiro de Geografia e Estat\u00edstica (IBGE) nesta quinta-feira (9). Essa \u00e9 a segunda queda consecutiva do setor. No acumulado de 2022, o varejo avan\u00e7ou 1% \u2014 o menor crescimento desde 2016, quando [&hellip;]<\/p>\n","protected":false},"author":66,"featured_media":0,"comment_status":"open","ping_status":"open","sticky":false,"template":"","format":"standard","meta":{"footnotes":""},"categories":[105],"tags":[],"_links":{"self":[{"href":"https:\/\/acs.org.br\/academy\/wp-json\/wp\/v2\/posts\/114142"}],"collection":[{"href":"https:\/\/acs.org.br\/academy\/wp-json\/wp\/v2\/posts"}],"about":[{"href":"https:\/\/acs.org.br\/academy\/wp-json\/wp\/v2\/types\/post"}],"author":[{"embeddable":true,"href":"https:\/\/acs.org.br\/academy\/wp-json\/wp\/v2\/users\/66"}],"replies":[{"embeddable":true,"href":"https:\/\/acs.org.br\/academy\/wp-json\/wp\/v2\/comments?post=114142"}],"version-history":[{"count":1,"href":"https:\/\/acs.org.br\/academy\/wp-json\/wp\/v2\/posts\/114142\/revisions"}],"predecessor-version":[{"id":114148,"href":"https:\/\/acs.org.br\/academy\/wp-json\/wp\/v2\/posts\/114142\/revisions\/114148"}],"wp:attachment":[{"href":"https:\/\/acs.org.br\/academy\/wp-json\/wp\/v2\/media?parent=114142"}],"wp:term":[{"taxonomy":"category","embeddable":true,"href":"https:\/\/acs.org.br\/academy\/wp-json\/wp\/v2\/categories?post=114142"},{"taxonomy":"post_tag","embeddable":true,"href":"https:\/\/acs.org.br\/academy\/wp-json\/wp\/v2\/tags?post=114142"}],"curies":[{"name":"wp","href":"https:\/\/api.w.org\/{rel}","templated":true}]}}