{"id":114139,"date":"2023-02-09T13:06:57","date_gmt":"2023-02-09T16:06:57","guid":{"rendered":"https:\/\/acs.org.br\/antigo\/?p=114139"},"modified":"2023-02-09T13:06:57","modified_gmt":"2023-02-09T16:06:57","slug":"porto-marcio-franca-e-tarcisio-de-freitas-debatem-desestatizacao-do-porto-de-santos","status":"publish","type":"post","link":"https:\/\/acs.org.br\/academy\/porto-marcio-franca-e-tarcisio-de-freitas-debatem-desestatizacao-do-porto-de-santos\/","title":{"rendered":"PORTO: M\u00e1rcio Fran\u00e7a e Tarc\u00edsio de Freitas debatem desestatiza\u00e7\u00e3o do Porto de Santos"},"content":{"rendered":"<p>Fonte: A Tribuna<\/p>\n<p>O ministro de Portos e Aeroportos, M\u00e1rcio Fran\u00e7a, e o governador Tarc\u00edsio de Freitas (Republicanos) reuniram-se pela primeira vez nesta quarta-feira (8). O encontro, realizado no gabinete ministerial, em Bras\u00edlia, serviu para Freitas expor diretamente a Fran\u00e7a a defesa da desestatiza\u00e7\u00e3o do controle do Porto de Santos.<\/p>\n<p><a href=\"https:\/\/www.atribuna.com.br\/noticias\/portomar\/marcio-franca-e-tarcisio-de-freitas-debatem-desestatizacao-do-porto-de-santos\">LEIA MAIS&#8230;<\/a><\/p>\n","protected":false},"excerpt":{"rendered":"<p>Fonte: A Tribuna O ministro de Portos e Aeroportos, M\u00e1rcio Fran\u00e7a, e o governador Tarc\u00edsio de Freitas (Republicanos) reuniram-se pela primeira vez nesta quarta-feira (8). O encontro, realizado no gabinete ministerial, em Bras\u00edlia, serviu para Freitas expor diretamente a Fran\u00e7a a defesa da desestatiza\u00e7\u00e3o do controle do Porto de Santos. LEIA MAIS&#8230;<\/p>\n","protected":false},"author":66,"featured_media":0,"comment_status":"open","ping_status":"open","sticky":false,"template":"","format":"standard","meta":{"footnotes":""},"categories":[105],"tags":[],"_links":{"self":[{"href":"https:\/\/acs.org.br\/academy\/wp-json\/wp\/v2\/posts\/114139"}],"collection":[{"href":"https:\/\/acs.org.br\/academy\/wp-json\/wp\/v2\/posts"}],"about":[{"href":"https:\/\/acs.org.br\/academy\/wp-json\/wp\/v2\/types\/post"}],"author":[{"embeddable":true,"href":"https:\/\/acs.org.br\/academy\/wp-json\/wp\/v2\/users\/66"}],"replies":[{"embeddable":true,"href":"https:\/\/acs.org.br\/academy\/wp-json\/wp\/v2\/comments?post=114139"}],"version-history":[{"count":1,"href":"https:\/\/acs.org.br\/academy\/wp-json\/wp\/v2\/posts\/114139\/revisions"}],"predecessor-version":[{"id":114144,"href":"https:\/\/acs.org.br\/academy\/wp-json\/wp\/v2\/posts\/114139\/revisions\/114144"}],"wp:attachment":[{"href":"https:\/\/acs.org.br\/academy\/wp-json\/wp\/v2\/media?parent=114139"}],"wp:term":[{"taxonomy":"category","embeddable":true,"href":"https:\/\/acs.org.br\/academy\/wp-json\/wp\/v2\/categories?post=114139"},{"taxonomy":"post_tag","embeddable":true,"href":"https:\/\/acs.org.br\/academy\/wp-json\/wp\/v2\/tags?post=114139"}],"curies":[{"name":"wp","href":"https:\/\/api.w.org\/{rel}","templated":true}]}}