{"id":114119,"date":"2023-02-08T13:28:24","date_gmt":"2023-02-08T16:28:24","guid":{"rendered":"https:\/\/acs.org.br\/antigo\/?p=114119"},"modified":"2023-02-08T13:28:24","modified_gmt":"2023-02-08T16:28:24","slug":"cafe-ibge-ve-alta-de-57-na-safra-de-cafe-do-brasil-em-2023-previsao-supera-a-da-conab","status":"publish","type":"post","link":"https:\/\/acs.org.br\/academy\/cafe-ibge-ve-alta-de-57-na-safra-de-cafe-do-brasil-em-2023-previsao-supera-a-da-conab\/","title":{"rendered":"CAF\u00c9: IBGE v\u00ea alta de 5,7% na safra de caf\u00e9 do Brasil em 2023; previs\u00e3o supera a da Conab"},"content":{"rendered":"<p>Fonte: Not\u00edcias Agr\u00edcolas<\/p>\n<p>A produ\u00e7\u00e3o brasileira de caf\u00e9 foi estimada nesta quarta-feira em 55,3 milh\u00f5es de sacas de 60 kg, aumento de 5,7% em rela\u00e7\u00e3o a 2022, de acordo com proje\u00e7\u00e3o divulgada pelo Instituto Brasileiro de Geografia e Estat\u00edstica (IBGE).<\/p>\n<p><a href=\"https:\/\/www.noticiasagricolas.com.br\/noticias\/cafe\/340729-ibge-ve-alta-de-5-7-na-safra-de-cafe-do-brasil-em-2023-previsao-supera-a-da-conab.html#.Y-PDYXbMLIU\">LEIA MAIS&#8230;<\/a><\/p>\n","protected":false},"excerpt":{"rendered":"<p>Fonte: Not\u00edcias Agr\u00edcolas A produ\u00e7\u00e3o brasileira de caf\u00e9 foi estimada nesta quarta-feira em 55,3 milh\u00f5es de sacas de 60 kg, aumento de 5,7% em rela\u00e7\u00e3o a 2022, de acordo com proje\u00e7\u00e3o divulgada pelo Instituto Brasileiro de Geografia e Estat\u00edstica (IBGE). LEIA MAIS&#8230;<\/p>\n","protected":false},"author":66,"featured_media":0,"comment_status":"open","ping_status":"open","sticky":false,"template":"","format":"standard","meta":{"footnotes":""},"categories":[105],"tags":[],"_links":{"self":[{"href":"https:\/\/acs.org.br\/academy\/wp-json\/wp\/v2\/posts\/114119"}],"collection":[{"href":"https:\/\/acs.org.br\/academy\/wp-json\/wp\/v2\/posts"}],"about":[{"href":"https:\/\/acs.org.br\/academy\/wp-json\/wp\/v2\/types\/post"}],"author":[{"embeddable":true,"href":"https:\/\/acs.org.br\/academy\/wp-json\/wp\/v2\/users\/66"}],"replies":[{"embeddable":true,"href":"https:\/\/acs.org.br\/academy\/wp-json\/wp\/v2\/comments?post=114119"}],"version-history":[{"count":1,"href":"https:\/\/acs.org.br\/academy\/wp-json\/wp\/v2\/posts\/114119\/revisions"}],"predecessor-version":[{"id":114124,"href":"https:\/\/acs.org.br\/academy\/wp-json\/wp\/v2\/posts\/114119\/revisions\/114124"}],"wp:attachment":[{"href":"https:\/\/acs.org.br\/academy\/wp-json\/wp\/v2\/media?parent=114119"}],"wp:term":[{"taxonomy":"category","embeddable":true,"href":"https:\/\/acs.org.br\/academy\/wp-json\/wp\/v2\/categories?post=114119"},{"taxonomy":"post_tag","embeddable":true,"href":"https:\/\/acs.org.br\/academy\/wp-json\/wp\/v2\/tags?post=114119"}],"curies":[{"name":"wp","href":"https:\/\/api.w.org\/{rel}","templated":true}]}}