{"id":114113,"date":"2023-02-08T13:26:56","date_gmt":"2023-02-08T16:26:56","guid":{"rendered":"https:\/\/acs.org.br\/antigo\/?p=114113"},"modified":"2023-02-08T13:26:56","modified_gmt":"2023-02-08T16:26:56","slug":"mundo-china-afirma-ter-sido-difamada-em-discurso-do-estado-da-uniao-de-biden","status":"publish","type":"post","link":"https:\/\/acs.org.br\/academy\/mundo-china-afirma-ter-sido-difamada-em-discurso-do-estado-da-uniao-de-biden\/","title":{"rendered":"MUNDO: China afirma ter sido difamada em discurso do Estado da Uni\u00e3o de Biden"},"content":{"rendered":"<p>Fonte: A Tribuna \u00a0<\/p>\n<p>A China diz que foi difamada no discurso do Estado da Uni\u00e3o do presidente dos EUA, Joe Biden, que mencionou repetidamente a concorr\u00eancia entre os dois pa\u00edses. Porta-voz do Minist\u00e9rio de Rela\u00e7\u00f5es Exteriores chin\u00eas, Mao Ning disse nesta quarta-feira (8) que a China n\u00e3o teme competir com os EUA, mas \u201cse op\u00f5e a que toda a rela\u00e7\u00e3o China-EUA seja definida em termos de concorr\u00eancia\u201d.<\/p>\n<p><a href=\"https:\/\/www.atribuna.com.br\/noticias\/mundo\/china-afirma-ter-sido-difamada-em-discurso-do-estado-da-uniao-de-biden\">LEIA MAIS&#8230;<\/a><\/p>\n","protected":false},"excerpt":{"rendered":"<p>Fonte: A Tribuna \u00a0 A China diz que foi difamada no discurso do Estado da Uni\u00e3o do presidente dos EUA, Joe Biden, que mencionou repetidamente a concorr\u00eancia entre os dois pa\u00edses. Porta-voz do Minist\u00e9rio de Rela\u00e7\u00f5es Exteriores chin\u00eas, Mao Ning disse nesta quarta-feira (8) que a China n\u00e3o teme competir com os EUA, mas \u201cse [&hellip;]<\/p>\n","protected":false},"author":66,"featured_media":0,"comment_status":"open","ping_status":"open","sticky":false,"template":"","format":"standard","meta":{"footnotes":""},"categories":[105],"tags":[],"_links":{"self":[{"href":"https:\/\/acs.org.br\/academy\/wp-json\/wp\/v2\/posts\/114113"}],"collection":[{"href":"https:\/\/acs.org.br\/academy\/wp-json\/wp\/v2\/posts"}],"about":[{"href":"https:\/\/acs.org.br\/academy\/wp-json\/wp\/v2\/types\/post"}],"author":[{"embeddable":true,"href":"https:\/\/acs.org.br\/academy\/wp-json\/wp\/v2\/users\/66"}],"replies":[{"embeddable":true,"href":"https:\/\/acs.org.br\/academy\/wp-json\/wp\/v2\/comments?post=114113"}],"version-history":[{"count":1,"href":"https:\/\/acs.org.br\/academy\/wp-json\/wp\/v2\/posts\/114113\/revisions"}],"predecessor-version":[{"id":114118,"href":"https:\/\/acs.org.br\/academy\/wp-json\/wp\/v2\/posts\/114113\/revisions\/114118"}],"wp:attachment":[{"href":"https:\/\/acs.org.br\/academy\/wp-json\/wp\/v2\/media?parent=114113"}],"wp:term":[{"taxonomy":"category","embeddable":true,"href":"https:\/\/acs.org.br\/academy\/wp-json\/wp\/v2\/categories?post=114113"},{"taxonomy":"post_tag","embeddable":true,"href":"https:\/\/acs.org.br\/academy\/wp-json\/wp\/v2\/tags?post=114113"}],"curies":[{"name":"wp","href":"https:\/\/api.w.org\/{rel}","templated":true}]}}