{"id":114107,"date":"2023-02-08T13:25:40","date_gmt":"2023-02-08T16:25:40","guid":{"rendered":"https:\/\/acs.org.br\/antigo\/?p=114107"},"modified":"2023-02-08T13:25:40","modified_gmt":"2023-02-08T16:25:40","slug":"economia-confederacao-da-agricultura-e-pecuaria-preve-aumento-de-25-do-pib-do-agronegocio-no-brasil","status":"publish","type":"post","link":"https:\/\/acs.org.br\/academy\/economia-confederacao-da-agricultura-e-pecuaria-preve-aumento-de-25-do-pib-do-agronegocio-no-brasil\/","title":{"rendered":"ECONOMIA: Confedera\u00e7\u00e3o da Agricultura e Pecu\u00e1ria prev\u00ea aumento de 2,5% do PIB do Agroneg\u00f3cio no Brasil"},"content":{"rendered":"<p>Fonte: Ag\u00eancia Porto \u00a0<\/p>\n<p>De acordo com proje\u00e7\u00f5es da Confedera\u00e7\u00e3o da Agricultura e Pecu\u00e1ria do Brasil (CNA), o PIB do agroneg\u00f3cio deve terminar 2023 com alta de 2,5% em rela\u00e7\u00e3o a 2022. Segundo balan\u00e7o do \u00faltimo ano e perspectivas para 2023 da CNA, o Governo Federal deve centralizar o pilar da infraestrutura log\u00edstica no &#8220;Novo Programa de Acelera\u00e7\u00e3o do Crescimento (PAC)&#8221;.<\/p>\n<p><a href=\"https:\/\/agenciaporto.com\/noticias\/confederacao-da-agricultura-e-pecuaria-preve-aumento-de-25-do-pib-do-agronegocio-no-brasil\">LEIA MAIS&#8230;<\/a><\/p>\n","protected":false},"excerpt":{"rendered":"<p>Fonte: Ag\u00eancia Porto \u00a0 De acordo com proje\u00e7\u00f5es da Confedera\u00e7\u00e3o da Agricultura e Pecu\u00e1ria do Brasil (CNA), o PIB do agroneg\u00f3cio deve terminar 2023 com alta de 2,5% em rela\u00e7\u00e3o a 2022. Segundo balan\u00e7o do \u00faltimo ano e perspectivas para 2023 da CNA, o Governo Federal deve centralizar o pilar da infraestrutura log\u00edstica no &#8220;Novo [&hellip;]<\/p>\n","protected":false},"author":66,"featured_media":0,"comment_status":"open","ping_status":"open","sticky":false,"template":"","format":"standard","meta":{"footnotes":""},"categories":[105],"tags":[],"_links":{"self":[{"href":"https:\/\/acs.org.br\/academy\/wp-json\/wp\/v2\/posts\/114107"}],"collection":[{"href":"https:\/\/acs.org.br\/academy\/wp-json\/wp\/v2\/posts"}],"about":[{"href":"https:\/\/acs.org.br\/academy\/wp-json\/wp\/v2\/types\/post"}],"author":[{"embeddable":true,"href":"https:\/\/acs.org.br\/academy\/wp-json\/wp\/v2\/users\/66"}],"replies":[{"embeddable":true,"href":"https:\/\/acs.org.br\/academy\/wp-json\/wp\/v2\/comments?post=114107"}],"version-history":[{"count":1,"href":"https:\/\/acs.org.br\/academy\/wp-json\/wp\/v2\/posts\/114107\/revisions"}],"predecessor-version":[{"id":114112,"href":"https:\/\/acs.org.br\/academy\/wp-json\/wp\/v2\/posts\/114107\/revisions\/114112"}],"wp:attachment":[{"href":"https:\/\/acs.org.br\/academy\/wp-json\/wp\/v2\/media?parent=114107"}],"wp:term":[{"taxonomy":"category","embeddable":true,"href":"https:\/\/acs.org.br\/academy\/wp-json\/wp\/v2\/categories?post=114107"},{"taxonomy":"post_tag","embeddable":true,"href":"https:\/\/acs.org.br\/academy\/wp-json\/wp\/v2\/tags?post=114107"}],"curies":[{"name":"wp","href":"https:\/\/api.w.org\/{rel}","templated":true}]}}