{"id":114106,"date":"2023-02-08T13:25:09","date_gmt":"2023-02-08T16:25:09","guid":{"rendered":"https:\/\/acs.org.br\/antigo\/?p=114106"},"modified":"2023-02-08T13:25:09","modified_gmt":"2023-02-08T16:25:09","slug":"economia-tesouro-pretende-parcelar-compensacao-do-icms-dizem-governadores","status":"publish","type":"post","link":"https:\/\/acs.org.br\/academy\/economia-tesouro-pretende-parcelar-compensacao-do-icms-dizem-governadores\/","title":{"rendered":"ECONOMIA: Tesouro pretende parcelar compensa\u00e7\u00e3o do ICMS, dizem governadores"},"content":{"rendered":"<p>Fonte: Ag\u00eancia Brasil<\/p>\n<p>O Tesouro Nacional pretende parcelar a compensa\u00e7\u00e3o das perdas de arrecada\u00e7\u00e3o do Imposto sobre a Circula\u00e7\u00e3o de Mercadorias e Servi\u00e7os (ICMS), disseram hoje (7) governadores que se reuniram com o ministro da Fazenda, Fernando Haddad. Amanh\u00e3 (8), o secret\u00e1rio do Tesouro Nacional, Rog\u00e9rio Ceron, re\u00fane-se com os secret\u00e1rios estaduais de Fazenda para discutir a medida.<\/p>\n<p><a href=\"https:\/\/agenciabrasil.ebc.com.br\/economia\/noticia\/2023-02\/tesouro-pretende-parcelar-compensacao-do-icms-dizem-governadores\">LEIA MAIS&#8230;<\/a><\/p>\n","protected":false},"excerpt":{"rendered":"<p>Fonte: Ag\u00eancia Brasil O Tesouro Nacional pretende parcelar a compensa\u00e7\u00e3o das perdas de arrecada\u00e7\u00e3o do Imposto sobre a Circula\u00e7\u00e3o de Mercadorias e Servi\u00e7os (ICMS), disseram hoje (7) governadores que se reuniram com o ministro da Fazenda, Fernando Haddad. Amanh\u00e3 (8), o secret\u00e1rio do Tesouro Nacional, Rog\u00e9rio Ceron, re\u00fane-se com os secret\u00e1rios estaduais de Fazenda para [&hellip;]<\/p>\n","protected":false},"author":66,"featured_media":0,"comment_status":"open","ping_status":"open","sticky":false,"template":"","format":"standard","meta":{"footnotes":""},"categories":[105],"tags":[],"_links":{"self":[{"href":"https:\/\/acs.org.br\/academy\/wp-json\/wp\/v2\/posts\/114106"}],"collection":[{"href":"https:\/\/acs.org.br\/academy\/wp-json\/wp\/v2\/posts"}],"about":[{"href":"https:\/\/acs.org.br\/academy\/wp-json\/wp\/v2\/types\/post"}],"author":[{"embeddable":true,"href":"https:\/\/acs.org.br\/academy\/wp-json\/wp\/v2\/users\/66"}],"replies":[{"embeddable":true,"href":"https:\/\/acs.org.br\/academy\/wp-json\/wp\/v2\/comments?post=114106"}],"version-history":[{"count":1,"href":"https:\/\/acs.org.br\/academy\/wp-json\/wp\/v2\/posts\/114106\/revisions"}],"predecessor-version":[{"id":114111,"href":"https:\/\/acs.org.br\/academy\/wp-json\/wp\/v2\/posts\/114106\/revisions\/114111"}],"wp:attachment":[{"href":"https:\/\/acs.org.br\/academy\/wp-json\/wp\/v2\/media?parent=114106"}],"wp:term":[{"taxonomy":"category","embeddable":true,"href":"https:\/\/acs.org.br\/academy\/wp-json\/wp\/v2\/categories?post=114106"},{"taxonomy":"post_tag","embeddable":true,"href":"https:\/\/acs.org.br\/academy\/wp-json\/wp\/v2\/tags?post=114106"}],"curies":[{"name":"wp","href":"https:\/\/api.w.org\/{rel}","templated":true}]}}