{"id":114104,"date":"2023-02-08T13:24:15","date_gmt":"2023-02-08T16:24:15","guid":{"rendered":"https:\/\/acs.org.br\/antigo\/?p=114104"},"modified":"2023-02-08T13:24:15","modified_gmt":"2023-02-08T16:24:15","slug":"porto-porto-de-naus-sera-revitalizado-e-deve-se-tornar-atracao-turistica-em-sao-vicente","status":"publish","type":"post","link":"https:\/\/acs.org.br\/academy\/porto-porto-de-naus-sera-revitalizado-e-deve-se-tornar-atracao-turistica-em-sao-vicente\/","title":{"rendered":"PORTO: Porto de Naus ser\u00e1 revitalizado e deve se tornar atra\u00e7\u00e3o tur\u00edstica em S\u00e3o Vicente"},"content":{"rendered":"<p>Fonte: A Tribuna<\/p>\n<p>O Porto das Naus, localizado no bairro do Japu\u00ed, pr\u00f3ximo \u00e0 Ponte P\u00eansil, em S\u00e3o Vicente, dever\u00e1 ser transformado em um equipamento tur\u00edstico. O patrim\u00f4nio hist\u00f3rico teria sido o primeiro trapiche alfandeg\u00e1rio do Brasil, instalado por Martim Afonso de Sousa em 1532, ano da funda\u00e7\u00e3o da Vila de S\u00e3o Vicente.<\/p>\n<p><a href=\"https:\/\/www.atribuna.com.br\/noticias\/portomar\/porto-das-naus-sera-revitalizado-e-deve-se-tornar-atracao-turistica-em-sao-vicente\">LEIA MAIS&#8230;<\/a><\/p>\n","protected":false},"excerpt":{"rendered":"<p>Fonte: A Tribuna O Porto das Naus, localizado no bairro do Japu\u00ed, pr\u00f3ximo \u00e0 Ponte P\u00eansil, em S\u00e3o Vicente, dever\u00e1 ser transformado em um equipamento tur\u00edstico. O patrim\u00f4nio hist\u00f3rico teria sido o primeiro trapiche alfandeg\u00e1rio do Brasil, instalado por Martim Afonso de Sousa em 1532, ano da funda\u00e7\u00e3o da Vila de S\u00e3o Vicente. LEIA MAIS&#8230;<\/p>\n","protected":false},"author":66,"featured_media":0,"comment_status":"open","ping_status":"open","sticky":false,"template":"","format":"standard","meta":{"footnotes":""},"categories":[105],"tags":[],"_links":{"self":[{"href":"https:\/\/acs.org.br\/academy\/wp-json\/wp\/v2\/posts\/114104"}],"collection":[{"href":"https:\/\/acs.org.br\/academy\/wp-json\/wp\/v2\/posts"}],"about":[{"href":"https:\/\/acs.org.br\/academy\/wp-json\/wp\/v2\/types\/post"}],"author":[{"embeddable":true,"href":"https:\/\/acs.org.br\/academy\/wp-json\/wp\/v2\/users\/66"}],"replies":[{"embeddable":true,"href":"https:\/\/acs.org.br\/academy\/wp-json\/wp\/v2\/comments?post=114104"}],"version-history":[{"count":1,"href":"https:\/\/acs.org.br\/academy\/wp-json\/wp\/v2\/posts\/114104\/revisions"}],"predecessor-version":[{"id":114109,"href":"https:\/\/acs.org.br\/academy\/wp-json\/wp\/v2\/posts\/114104\/revisions\/114109"}],"wp:attachment":[{"href":"https:\/\/acs.org.br\/academy\/wp-json\/wp\/v2\/media?parent=114104"}],"wp:term":[{"taxonomy":"category","embeddable":true,"href":"https:\/\/acs.org.br\/academy\/wp-json\/wp\/v2\/categories?post=114104"},{"taxonomy":"post_tag","embeddable":true,"href":"https:\/\/acs.org.br\/academy\/wp-json\/wp\/v2\/tags?post=114104"}],"curies":[{"name":"wp","href":"https:\/\/api.w.org\/{rel}","templated":true}]}}