{"id":114083,"date":"2023-02-07T13:44:04","date_gmt":"2023-02-07T16:44:04","guid":{"rendered":"https:\/\/acs.org.br\/antigo\/?p=114083"},"modified":"2023-02-07T13:44:04","modified_gmt":"2023-02-07T16:44:04","slug":"cafe-pesquisa-da-reuters-aponta-queda-de-13-no-preco-do-arabica-neste-ano","status":"publish","type":"post","link":"https:\/\/acs.org.br\/academy\/cafe-pesquisa-da-reuters-aponta-queda-de-13-no-preco-do-arabica-neste-ano\/","title":{"rendered":"CAF\u00c9: Pesquisa da Reuters aponta queda de 13% no pre\u00e7o do ar\u00e1bica neste ano"},"content":{"rendered":"<p>Fonte: Caf\u00e9 Point \u00a0<\/p>\n<p>Pesquisa da Reuters destaca que os pre\u00e7os do caf\u00e9 ar\u00e1bica devem cair 13% neste ano, por conta de um suposto aumento da safra brasileira, que deve levar a um excedente global de gr\u00e3os na temporada 2023\/2024.<\/p>\n<p>De acordo com a previs\u00e3o mediana da pesquisa, os pre\u00e7os devem encerrar 2023 em 1,48 d\u00f3lar por libra, queda de 15% em rela\u00e7\u00e3o ao fechamento de sexta-feira (3\/2) e 12% abaixo dos n\u00edveis vistos no final de 2022.<\/p>\n<p><a href=\"https:\/\/www.cafepoint.com.br\/noticias\/giro-de-noticias\/pesquisa-da-reuters-aponta-queda-de-13-no-preco-do-arabica-neste-ano-232729\/\">LEIA MAIS&#8230;<\/a><\/p>\n","protected":false},"excerpt":{"rendered":"<p>Fonte: Caf\u00e9 Point \u00a0 Pesquisa da Reuters destaca que os pre\u00e7os do caf\u00e9 ar\u00e1bica devem cair 13% neste ano, por conta de um suposto aumento da safra brasileira, que deve levar a um excedente global de gr\u00e3os na temporada 2023\/2024. De acordo com a previs\u00e3o mediana da pesquisa, os pre\u00e7os devem encerrar 2023 em 1,48 [&hellip;]<\/p>\n","protected":false},"author":66,"featured_media":0,"comment_status":"open","ping_status":"open","sticky":false,"template":"","format":"standard","meta":{"footnotes":""},"categories":[105],"tags":[],"_links":{"self":[{"href":"https:\/\/acs.org.br\/academy\/wp-json\/wp\/v2\/posts\/114083"}],"collection":[{"href":"https:\/\/acs.org.br\/academy\/wp-json\/wp\/v2\/posts"}],"about":[{"href":"https:\/\/acs.org.br\/academy\/wp-json\/wp\/v2\/types\/post"}],"author":[{"embeddable":true,"href":"https:\/\/acs.org.br\/academy\/wp-json\/wp\/v2\/users\/66"}],"replies":[{"embeddable":true,"href":"https:\/\/acs.org.br\/academy\/wp-json\/wp\/v2\/comments?post=114083"}],"version-history":[{"count":1,"href":"https:\/\/acs.org.br\/academy\/wp-json\/wp\/v2\/posts\/114083\/revisions"}],"predecessor-version":[{"id":114085,"href":"https:\/\/acs.org.br\/academy\/wp-json\/wp\/v2\/posts\/114083\/revisions\/114085"}],"wp:attachment":[{"href":"https:\/\/acs.org.br\/academy\/wp-json\/wp\/v2\/media?parent=114083"}],"wp:term":[{"taxonomy":"category","embeddable":true,"href":"https:\/\/acs.org.br\/academy\/wp-json\/wp\/v2\/categories?post=114083"},{"taxonomy":"post_tag","embeddable":true,"href":"https:\/\/acs.org.br\/academy\/wp-json\/wp\/v2\/tags?post=114083"}],"curies":[{"name":"wp","href":"https:\/\/api.w.org\/{rel}","templated":true}]}}