{"id":114082,"date":"2023-02-07T13:44:30","date_gmt":"2023-02-07T16:44:30","guid":{"rendered":"https:\/\/acs.org.br\/antigo\/?p=114082"},"modified":"2023-02-07T13:44:30","modified_gmt":"2023-02-07T16:44:30","slug":"cafe-colombia-reporta-problemas-na-formacao-dos-frutos-e-queda-de-10-nas-exportacoes","status":"publish","type":"post","link":"https:\/\/acs.org.br\/academy\/cafe-colombia-reporta-problemas-na-formacao-dos-frutos-e-queda-de-10-nas-exportacoes\/","title":{"rendered":"CAF\u00c9: Col\u00f4mbia reporta problemas na forma\u00e7\u00e3o dos frutos e queda de 10% nas exporta\u00e7\u00f5es"},"content":{"rendered":"<p>Fonte: Not\u00edcias Agr\u00edcolas<\/p>\n<p>Pela primeira vez nos \u00faltimos meses, a produ\u00e7\u00e3o de caf\u00e9 ar\u00e1bica apresentou estabilidade, de acordo com dados divulgados pela Federa\u00e7\u00e3o Nacional dos Cafeicultores (FNC). No m\u00eas de janeiro, a produ\u00e7\u00e3o no pa\u00eds vizinho alcan\u00e7ou 868 mil sacas, mesmo volume registrado no ano passado. A FNC chamou aten\u00e7\u00e3o ainda para os problemas ocasionados pelo La Ni\u00f1a e tamb\u00e9m para queda de 10% nas exporta\u00e7\u00f5es nos \u00faltimos 12 meses.<\/p>\n<p><a href=\"https:\/\/www.noticiasagricolas.com.br\/noticias\/cafe\/340582-colombia-reporta-problemas-na-formacao-dos-frutos-e-queda-de-10-nas-exportacoes.html#.Y-Jr5nbMLIU\">LEIA MAIS&#8230;<\/a><\/p>\n","protected":false},"excerpt":{"rendered":"<p>Fonte: Not\u00edcias Agr\u00edcolas Pela primeira vez nos \u00faltimos meses, a produ\u00e7\u00e3o de caf\u00e9 ar\u00e1bica apresentou estabilidade, de acordo com dados divulgados pela Federa\u00e7\u00e3o Nacional dos Cafeicultores (FNC). No m\u00eas de janeiro, a produ\u00e7\u00e3o no pa\u00eds vizinho alcan\u00e7ou 868 mil sacas, mesmo volume registrado no ano passado. A FNC chamou aten\u00e7\u00e3o ainda para os problemas ocasionados [&hellip;]<\/p>\n","protected":false},"author":66,"featured_media":0,"comment_status":"open","ping_status":"open","sticky":false,"template":"","format":"standard","meta":{"footnotes":""},"categories":[105],"tags":[],"_links":{"self":[{"href":"https:\/\/acs.org.br\/academy\/wp-json\/wp\/v2\/posts\/114082"}],"collection":[{"href":"https:\/\/acs.org.br\/academy\/wp-json\/wp\/v2\/posts"}],"about":[{"href":"https:\/\/acs.org.br\/academy\/wp-json\/wp\/v2\/types\/post"}],"author":[{"embeddable":true,"href":"https:\/\/acs.org.br\/academy\/wp-json\/wp\/v2\/users\/66"}],"replies":[{"embeddable":true,"href":"https:\/\/acs.org.br\/academy\/wp-json\/wp\/v2\/comments?post=114082"}],"version-history":[{"count":1,"href":"https:\/\/acs.org.br\/academy\/wp-json\/wp\/v2\/posts\/114082\/revisions"}],"predecessor-version":[{"id":114086,"href":"https:\/\/acs.org.br\/academy\/wp-json\/wp\/v2\/posts\/114082\/revisions\/114086"}],"wp:attachment":[{"href":"https:\/\/acs.org.br\/academy\/wp-json\/wp\/v2\/media?parent=114082"}],"wp:term":[{"taxonomy":"category","embeddable":true,"href":"https:\/\/acs.org.br\/academy\/wp-json\/wp\/v2\/categories?post=114082"},{"taxonomy":"post_tag","embeddable":true,"href":"https:\/\/acs.org.br\/academy\/wp-json\/wp\/v2\/tags?post=114082"}],"curies":[{"name":"wp","href":"https:\/\/api.w.org\/{rel}","templated":true}]}}