{"id":114075,"date":"2023-02-07T13:41:47","date_gmt":"2023-02-07T16:41:47","guid":{"rendered":"https:\/\/acs.org.br\/antigo\/?p=114075"},"modified":"2023-02-07T13:41:47","modified_gmt":"2023-02-07T16:41:47","slug":"atualidades-brasil-bate-recorde-em-geracao-de-energia-renovavel","status":"publish","type":"post","link":"https:\/\/acs.org.br\/academy\/atualidades-brasil-bate-recorde-em-geracao-de-energia-renovavel\/","title":{"rendered":"ATUALIDADES: Brasil bate recorde em gera\u00e7\u00e3o de energia renov\u00e1vel"},"content":{"rendered":"<p>Fonte: BoqNews<\/p>\n<p>A gera\u00e7\u00e3o de energia el\u00e9trica a partir de fontes renov\u00e1veis no ano passado alcan\u00e7ou a marca de 92%.<\/p>\n<p>Sendo assim, o resultado, divulgado pela C\u00e2mara de Comercializa\u00e7\u00e3o de Energia El\u00e9trica (CCEE), na \u00faltima quarta-feira (1), mostra que a participa\u00e7\u00e3o das usinas hidrel\u00e9tricas, e\u00f3licas, solares e de biomassa no total de energia gerado pelo Sistema Interligado Nacional (SIN) foi a maior dos \u00faltimos 10 anos.<\/p>\n<p><a href=\"https:\/\/www.boqnews.com\/nacional\/brasil-bate-recorde-em-geracao-de-energia-renovavel\/\">LEIA MAIS&#8230;<\/a><\/p>\n","protected":false},"excerpt":{"rendered":"<p>Fonte: BoqNews A gera\u00e7\u00e3o de energia el\u00e9trica a partir de fontes renov\u00e1veis no ano passado alcan\u00e7ou a marca de 92%. Sendo assim, o resultado, divulgado pela C\u00e2mara de Comercializa\u00e7\u00e3o de Energia El\u00e9trica (CCEE), na \u00faltima quarta-feira (1), mostra que a participa\u00e7\u00e3o das usinas hidrel\u00e9tricas, e\u00f3licas, solares e de biomassa no total de energia gerado pelo [&hellip;]<\/p>\n","protected":false},"author":66,"featured_media":0,"comment_status":"open","ping_status":"open","sticky":false,"template":"","format":"standard","meta":{"footnotes":""},"categories":[105],"tags":[],"_links":{"self":[{"href":"https:\/\/acs.org.br\/academy\/wp-json\/wp\/v2\/posts\/114075"}],"collection":[{"href":"https:\/\/acs.org.br\/academy\/wp-json\/wp\/v2\/posts"}],"about":[{"href":"https:\/\/acs.org.br\/academy\/wp-json\/wp\/v2\/types\/post"}],"author":[{"embeddable":true,"href":"https:\/\/acs.org.br\/academy\/wp-json\/wp\/v2\/users\/66"}],"replies":[{"embeddable":true,"href":"https:\/\/acs.org.br\/academy\/wp-json\/wp\/v2\/comments?post=114075"}],"version-history":[{"count":1,"href":"https:\/\/acs.org.br\/academy\/wp-json\/wp\/v2\/posts\/114075\/revisions"}],"predecessor-version":[{"id":114077,"href":"https:\/\/acs.org.br\/academy\/wp-json\/wp\/v2\/posts\/114075\/revisions\/114077"}],"wp:attachment":[{"href":"https:\/\/acs.org.br\/academy\/wp-json\/wp\/v2\/media?parent=114075"}],"wp:term":[{"taxonomy":"category","embeddable":true,"href":"https:\/\/acs.org.br\/academy\/wp-json\/wp\/v2\/categories?post=114075"},{"taxonomy":"post_tag","embeddable":true,"href":"https:\/\/acs.org.br\/academy\/wp-json\/wp\/v2\/tags?post=114075"}],"curies":[{"name":"wp","href":"https:\/\/api.w.org\/{rel}","templated":true}]}}