{"id":114074,"date":"2023-02-07T13:42:21","date_gmt":"2023-02-07T16:42:21","guid":{"rendered":"https:\/\/acs.org.br\/antigo\/?p=114074"},"modified":"2023-02-07T13:42:21","modified_gmt":"2023-02-07T16:42:21","slug":"comercio-exterior-mapa-intensifica-relacoes-com-maior-parceiro-comercial-do-brasil","status":"publish","type":"post","link":"https:\/\/acs.org.br\/academy\/comercio-exterior-mapa-intensifica-relacoes-com-maior-parceiro-comercial-do-brasil\/","title":{"rendered":"COM\u00c9RCIO EXTERIOR: Mapa intensifica rela\u00e7\u00f5es com maior parceiro comercial do Brasil"},"content":{"rendered":"<p>Fonte: Informativo dos Portos<\/p>\n<p>O ministro da Agricultura e Pecu\u00e1ria, Carlos F\u00e1varo, reuniu-se com a delega\u00e7\u00e3o da Rep\u00fablica Popular da China no Brasil visando fortalecer a parceria e identificar oportunidades para comercializa\u00e7\u00e3o de mais produtos entre os dois pa\u00edses.<\/p>\n<p>\u201cA China \u00e9 muito importante para o Brasil e para os brasileiros. Eles s\u00e3o nosso principal parceiro comercial e temos interesse em fortalecer o com\u00e9rcio de diversos produtos\u201d, comentou o ministro.<\/p>\n<p><a href=\"https:\/\/www.informativodosportos.com.br\/mapa-intensifica-relacoes-com-maior-parceiro-comercial-do-brasil\/\">LEIA MAIS&#8230;<\/a><\/p>\n","protected":false},"excerpt":{"rendered":"<p>Fonte: Informativo dos Portos O ministro da Agricultura e Pecu\u00e1ria, Carlos F\u00e1varo, reuniu-se com a delega\u00e7\u00e3o da Rep\u00fablica Popular da China no Brasil visando fortalecer a parceria e identificar oportunidades para comercializa\u00e7\u00e3o de mais produtos entre os dois pa\u00edses. \u201cA China \u00e9 muito importante para o Brasil e para os brasileiros. Eles s\u00e3o nosso principal [&hellip;]<\/p>\n","protected":false},"author":66,"featured_media":0,"comment_status":"open","ping_status":"open","sticky":false,"template":"","format":"standard","meta":{"footnotes":""},"categories":[105],"tags":[],"_links":{"self":[{"href":"https:\/\/acs.org.br\/academy\/wp-json\/wp\/v2\/posts\/114074"}],"collection":[{"href":"https:\/\/acs.org.br\/academy\/wp-json\/wp\/v2\/posts"}],"about":[{"href":"https:\/\/acs.org.br\/academy\/wp-json\/wp\/v2\/types\/post"}],"author":[{"embeddable":true,"href":"https:\/\/acs.org.br\/academy\/wp-json\/wp\/v2\/users\/66"}],"replies":[{"embeddable":true,"href":"https:\/\/acs.org.br\/academy\/wp-json\/wp\/v2\/comments?post=114074"}],"version-history":[{"count":1,"href":"https:\/\/acs.org.br\/academy\/wp-json\/wp\/v2\/posts\/114074\/revisions"}],"predecessor-version":[{"id":114078,"href":"https:\/\/acs.org.br\/academy\/wp-json\/wp\/v2\/posts\/114074\/revisions\/114078"}],"wp:attachment":[{"href":"https:\/\/acs.org.br\/academy\/wp-json\/wp\/v2\/media?parent=114074"}],"wp:term":[{"taxonomy":"category","embeddable":true,"href":"https:\/\/acs.org.br\/academy\/wp-json\/wp\/v2\/categories?post=114074"},{"taxonomy":"post_tag","embeddable":true,"href":"https:\/\/acs.org.br\/academy\/wp-json\/wp\/v2\/tags?post=114074"}],"curies":[{"name":"wp","href":"https:\/\/api.w.org\/{rel}","templated":true}]}}