{"id":114073,"date":"2023-02-07T13:42:46","date_gmt":"2023-02-07T16:42:46","guid":{"rendered":"https:\/\/acs.org.br\/antigo\/?p=114073"},"modified":"2023-02-07T13:42:46","modified_gmt":"2023-02-07T16:42:46","slug":"mundo-discurso-de-biden-envolve-protocolo-de-seguranca-adotado-desde-a-guerra-fria","status":"publish","type":"post","link":"https:\/\/acs.org.br\/academy\/mundo-discurso-de-biden-envolve-protocolo-de-seguranca-adotado-desde-a-guerra-fria\/","title":{"rendered":"MUNDO: Discurso de Biden envolve protocolo de seguran\u00e7a adotado desde a guerra fria"},"content":{"rendered":"<p>Fonte: CNN Brasil<\/p>\n<p>O Estado da Uni\u00e3o \u00e9 o discurso mais tradicional da presid\u00eancia americana. Est\u00e1 escrito na Constitui\u00e7\u00e3o que o presidente deve informar o Congresso de \u201ctempos em tempos\u201d sobre como anda o pa\u00eds. N\u00e3o h\u00e1 men\u00e7\u00e3o sobre a periodicidade sobre o pronunciamento.<\/p>\n<p>Ao longo das d\u00e9cadas, convencionou-se que o presidente discursaria anualmente.<\/p>\n<p><a href=\"https:\/\/www.cnnbrasil.com.br\/internacional\/discurso-de-biden-envolve-protocolo-de-seguranca-adotado-desde-a-guerra-fria\/\">LEIA MAIS&#8230;<\/a><\/p>\n","protected":false},"excerpt":{"rendered":"<p>Fonte: CNN Brasil O Estado da Uni\u00e3o \u00e9 o discurso mais tradicional da presid\u00eancia americana. Est\u00e1 escrito na Constitui\u00e7\u00e3o que o presidente deve informar o Congresso de \u201ctempos em tempos\u201d sobre como anda o pa\u00eds. N\u00e3o h\u00e1 men\u00e7\u00e3o sobre a periodicidade sobre o pronunciamento. Ao longo das d\u00e9cadas, convencionou-se que o presidente discursaria anualmente. LEIA [&hellip;]<\/p>\n","protected":false},"author":66,"featured_media":0,"comment_status":"open","ping_status":"open","sticky":false,"template":"","format":"standard","meta":{"footnotes":""},"categories":[105],"tags":[],"_links":{"self":[{"href":"https:\/\/acs.org.br\/academy\/wp-json\/wp\/v2\/posts\/114073"}],"collection":[{"href":"https:\/\/acs.org.br\/academy\/wp-json\/wp\/v2\/posts"}],"about":[{"href":"https:\/\/acs.org.br\/academy\/wp-json\/wp\/v2\/types\/post"}],"author":[{"embeddable":true,"href":"https:\/\/acs.org.br\/academy\/wp-json\/wp\/v2\/users\/66"}],"replies":[{"embeddable":true,"href":"https:\/\/acs.org.br\/academy\/wp-json\/wp\/v2\/comments?post=114073"}],"version-history":[{"count":1,"href":"https:\/\/acs.org.br\/academy\/wp-json\/wp\/v2\/posts\/114073\/revisions"}],"predecessor-version":[{"id":114079,"href":"https:\/\/acs.org.br\/academy\/wp-json\/wp\/v2\/posts\/114073\/revisions\/114079"}],"wp:attachment":[{"href":"https:\/\/acs.org.br\/academy\/wp-json\/wp\/v2\/media?parent=114073"}],"wp:term":[{"taxonomy":"category","embeddable":true,"href":"https:\/\/acs.org.br\/academy\/wp-json\/wp\/v2\/categories?post=114073"},{"taxonomy":"post_tag","embeddable":true,"href":"https:\/\/acs.org.br\/academy\/wp-json\/wp\/v2\/tags?post=114073"}],"curies":[{"name":"wp","href":"https:\/\/api.w.org\/{rel}","templated":true}]}}