{"id":114064,"date":"2023-02-07T13:40:02","date_gmt":"2023-02-07T16:40:02","guid":{"rendered":"https:\/\/acs.org.br\/antigo\/?p=114064"},"modified":"2023-02-07T13:40:02","modified_gmt":"2023-02-07T16:40:02","slug":"economia-alckmin-repete-que-reforma-tributaria-pode-ser-aprovada-no-1o-semestre","status":"publish","type":"post","link":"https:\/\/acs.org.br\/academy\/economia-alckmin-repete-que-reforma-tributaria-pode-ser-aprovada-no-1o-semestre\/","title":{"rendered":"ECONOMIA: Alckmin repete que reforma tribut\u00e1ria pode ser aprovada no 1\u00ba semestre"},"content":{"rendered":"<p>Fonte: Santaportal<\/p>\n<p>O vice-presidente e ministro do Desenvolvimento, Ind\u00fastria, Com\u00e9rcio e Servi\u00e7os, Geraldo Alckmin, disse nesta segunda-feira (6) que a reforma tribut\u00e1ria pode ser aprovada ainda no primeiro semestre deste ano.<\/p>\n<p><a href=\"https:\/\/santaportal.com.br\/geral\/alckmin-reforma-tributaria-pode-ser-aprovada-1o-semestre\/\">LEIA MAIS&#8230;<\/a><\/p>\n","protected":false},"excerpt":{"rendered":"<p>Fonte: Santaportal O vice-presidente e ministro do Desenvolvimento, Ind\u00fastria, Com\u00e9rcio e Servi\u00e7os, Geraldo Alckmin, disse nesta segunda-feira (6) que a reforma tribut\u00e1ria pode ser aprovada ainda no primeiro semestre deste ano. LEIA MAIS&#8230;<\/p>\n","protected":false},"author":66,"featured_media":0,"comment_status":"open","ping_status":"open","sticky":false,"template":"","format":"standard","meta":{"footnotes":""},"categories":[105],"tags":[],"_links":{"self":[{"href":"https:\/\/acs.org.br\/academy\/wp-json\/wp\/v2\/posts\/114064"}],"collection":[{"href":"https:\/\/acs.org.br\/academy\/wp-json\/wp\/v2\/posts"}],"about":[{"href":"https:\/\/acs.org.br\/academy\/wp-json\/wp\/v2\/types\/post"}],"author":[{"embeddable":true,"href":"https:\/\/acs.org.br\/academy\/wp-json\/wp\/v2\/users\/66"}],"replies":[{"embeddable":true,"href":"https:\/\/acs.org.br\/academy\/wp-json\/wp\/v2\/comments?post=114064"}],"version-history":[{"count":1,"href":"https:\/\/acs.org.br\/academy\/wp-json\/wp\/v2\/posts\/114064\/revisions"}],"predecessor-version":[{"id":114070,"href":"https:\/\/acs.org.br\/academy\/wp-json\/wp\/v2\/posts\/114064\/revisions\/114070"}],"wp:attachment":[{"href":"https:\/\/acs.org.br\/academy\/wp-json\/wp\/v2\/media?parent=114064"}],"wp:term":[{"taxonomy":"category","embeddable":true,"href":"https:\/\/acs.org.br\/academy\/wp-json\/wp\/v2\/categories?post=114064"},{"taxonomy":"post_tag","embeddable":true,"href":"https:\/\/acs.org.br\/academy\/wp-json\/wp\/v2\/tags?post=114064"}],"curies":[{"name":"wp","href":"https:\/\/api.w.org\/{rel}","templated":true}]}}