{"id":114063,"date":"2023-02-07T13:39:19","date_gmt":"2023-02-07T16:39:19","guid":{"rendered":"https:\/\/acs.org.br\/antigo\/?p=114063"},"modified":"2023-02-07T13:39:19","modified_gmt":"2023-02-07T16:39:19","slug":"porto-academia-brasileira-de-direito-portuario-e-maritimo-e-lancada-em-brasilia","status":"publish","type":"post","link":"https:\/\/acs.org.br\/academy\/porto-academia-brasileira-de-direito-portuario-e-maritimo-e-lancada-em-brasilia\/","title":{"rendered":"PORTO: Academia Brasileira de Direito Portu\u00e1rio e Mar\u00edtimo \u00e9 lan\u00e7ada em Bras\u00edlia"},"content":{"rendered":"<p>Fonte: BE News<\/p>\n<p>Sob o mote \u201cMais que um norte acad\u00eamico. Um agente transformador\u201d, foi lan\u00e7ada ontem (6), em Bras\u00edlia, a Academia Brasileira de Direito Portu\u00e1rio e Mar\u00edtimo (ABDPM). O evento, realizado no Clube Naval, contou com a presen\u00e7a de diversas autoridades. Entre elas, o ministro do Supremo Tribunal Federal (STF), Gilmar Mendes, e o ministro de Portos e Aeroportos, M\u00e1rcio Fran\u00e7a.<\/p>\n<p><a href=\"https:\/\/portalbenews.com.br\/editoria\/nacional\/academia-brasileira-de-direito-portuario-e-maritimo-e-lancada-em-brasilia\/\">LEIA MAIS&#8230;<\/a><\/p>\n","protected":false},"excerpt":{"rendered":"<p>Fonte: BE News Sob o mote \u201cMais que um norte acad\u00eamico. Um agente transformador\u201d, foi lan\u00e7ada ontem (6), em Bras\u00edlia, a Academia Brasileira de Direito Portu\u00e1rio e Mar\u00edtimo (ABDPM). O evento, realizado no Clube Naval, contou com a presen\u00e7a de diversas autoridades. Entre elas, o ministro do Supremo Tribunal Federal (STF), Gilmar Mendes, e o [&hellip;]<\/p>\n","protected":false},"author":66,"featured_media":0,"comment_status":"open","ping_status":"open","sticky":false,"template":"","format":"standard","meta":{"footnotes":""},"categories":[105],"tags":[],"_links":{"self":[{"href":"https:\/\/acs.org.br\/academy\/wp-json\/wp\/v2\/posts\/114063"}],"collection":[{"href":"https:\/\/acs.org.br\/academy\/wp-json\/wp\/v2\/posts"}],"about":[{"href":"https:\/\/acs.org.br\/academy\/wp-json\/wp\/v2\/types\/post"}],"author":[{"embeddable":true,"href":"https:\/\/acs.org.br\/academy\/wp-json\/wp\/v2\/users\/66"}],"replies":[{"embeddable":true,"href":"https:\/\/acs.org.br\/academy\/wp-json\/wp\/v2\/comments?post=114063"}],"version-history":[{"count":1,"href":"https:\/\/acs.org.br\/academy\/wp-json\/wp\/v2\/posts\/114063\/revisions"}],"predecessor-version":[{"id":114068,"href":"https:\/\/acs.org.br\/academy\/wp-json\/wp\/v2\/posts\/114063\/revisions\/114068"}],"wp:attachment":[{"href":"https:\/\/acs.org.br\/academy\/wp-json\/wp\/v2\/media?parent=114063"}],"wp:term":[{"taxonomy":"category","embeddable":true,"href":"https:\/\/acs.org.br\/academy\/wp-json\/wp\/v2\/categories?post=114063"},{"taxonomy":"post_tag","embeddable":true,"href":"https:\/\/acs.org.br\/academy\/wp-json\/wp\/v2\/tags?post=114063"}],"curies":[{"name":"wp","href":"https:\/\/api.w.org\/{rel}","templated":true}]}}