{"id":114056,"date":"2023-02-06T12:39:37","date_gmt":"2023-02-06T15:39:37","guid":{"rendered":"https:\/\/acs.org.br\/antigo\/?p=114056"},"modified":"2023-02-06T12:39:37","modified_gmt":"2023-02-06T15:39:37","slug":"cafe-boletim-carvalhaes-oferta-global-de-cafe-em-2023-24-deve-ficar-equilibrada-entre-producao-e-consumo","status":"publish","type":"post","link":"https:\/\/acs.org.br\/academy\/cafe-boletim-carvalhaes-oferta-global-de-cafe-em-2023-24-deve-ficar-equilibrada-entre-producao-e-consumo\/","title":{"rendered":"CAF\u00c9: Boletim Carvalhaes: Oferta global de caf\u00e9 em 2023\/24 deve ficar equilibrada entre produ\u00e7\u00e3o e consumo"},"content":{"rendered":"<p>Fonte: Caf\u00e9 Point \u00a0<\/p>\n<p>O crescimento do consumo de caf\u00e9 no hemisf\u00e9rio norte (apesar dos problemas na economia global e da guerra no leste europeu), as sucessivas quebras na produ\u00e7\u00e3o mundial de caf\u00e9 e a falta de estoques em praticamente todos os pa\u00edses produtores de ar\u00e1bica, est\u00e3o levando operadores de mercado a reverem seus posicionamentos nas bolsas de futuro.<\/p>\n<p><a href=\"https:\/\/www.cafepoint.com.br\/noticias\/giro-de-noticias\/boletim-carvalhaes-oferta-global-de-cafe-em-202324-deve-ficar-equilibrada-entre-producao-e-consumo-232707\/\">LEIA MAIS&#8230;<\/a><\/p>\n","protected":false},"excerpt":{"rendered":"<p>Fonte: Caf\u00e9 Point \u00a0 O crescimento do consumo de caf\u00e9 no hemisf\u00e9rio norte (apesar dos problemas na economia global e da guerra no leste europeu), as sucessivas quebras na produ\u00e7\u00e3o mundial de caf\u00e9 e a falta de estoques em praticamente todos os pa\u00edses produtores de ar\u00e1bica, est\u00e3o levando operadores de mercado a reverem seus posicionamentos [&hellip;]<\/p>\n","protected":false},"author":66,"featured_media":0,"comment_status":"open","ping_status":"open","sticky":false,"template":"","format":"standard","meta":{"footnotes":""},"categories":[105],"tags":[],"_links":{"self":[{"href":"https:\/\/acs.org.br\/academy\/wp-json\/wp\/v2\/posts\/114056"}],"collection":[{"href":"https:\/\/acs.org.br\/academy\/wp-json\/wp\/v2\/posts"}],"about":[{"href":"https:\/\/acs.org.br\/academy\/wp-json\/wp\/v2\/types\/post"}],"author":[{"embeddable":true,"href":"https:\/\/acs.org.br\/academy\/wp-json\/wp\/v2\/users\/66"}],"replies":[{"embeddable":true,"href":"https:\/\/acs.org.br\/academy\/wp-json\/wp\/v2\/comments?post=114056"}],"version-history":[{"count":1,"href":"https:\/\/acs.org.br\/academy\/wp-json\/wp\/v2\/posts\/114056\/revisions"}],"predecessor-version":[{"id":114059,"href":"https:\/\/acs.org.br\/academy\/wp-json\/wp\/v2\/posts\/114056\/revisions\/114059"}],"wp:attachment":[{"href":"https:\/\/acs.org.br\/academy\/wp-json\/wp\/v2\/media?parent=114056"}],"wp:term":[{"taxonomy":"category","embeddable":true,"href":"https:\/\/acs.org.br\/academy\/wp-json\/wp\/v2\/categories?post=114056"},{"taxonomy":"post_tag","embeddable":true,"href":"https:\/\/acs.org.br\/academy\/wp-json\/wp\/v2\/tags?post=114056"}],"curies":[{"name":"wp","href":"https:\/\/api.w.org\/{rel}","templated":true}]}}