{"id":114047,"date":"2023-02-06T12:35:40","date_gmt":"2023-02-06T15:35:40","guid":{"rendered":"https:\/\/acs.org.br\/antigo\/?p=114047"},"modified":"2023-02-06T12:35:40","modified_gmt":"2023-02-06T15:35:40","slug":"economia-mercado-financeiro-eleva-projecao-da-inflacao-de-574-para-578","status":"publish","type":"post","link":"https:\/\/acs.org.br\/academy\/economia-mercado-financeiro-eleva-projecao-da-inflacao-de-574-para-578\/","title":{"rendered":"ECONOMIA: Mercado financeiro eleva proje\u00e7\u00e3o da infla\u00e7\u00e3o de 5,74% para 5,78%"},"content":{"rendered":"<p>Fonte: Ag\u00eancia Brasil<\/p>\n<p>A previs\u00e3o do mercado financeiro para o \u00cdndice Nacional de Pre\u00e7os ao Consumidor Amplo (IPCA) &#8211; considerada a infla\u00e7\u00e3o oficial do pa\u00eds &#8211; subiu de 5,74% para 5,78% para este ano. A estimativa consta do Boletim Focus de hoje (6), pesquisa divulgada semanalmente pelo Banco Central (BC), em Bras\u00edlia, com a expectativa de institui\u00e7\u00f5es financeiras para os principais indicadores econ\u00f4micos.<\/p>\n<p><a href=\"https:\/\/agenciabrasil.ebc.com.br\/economia\/noticia\/2023-02\/mercado-financeiro-eleva-projecao-da-inflacao-de-574-para-578\">LEIA MAIS&#8230;<\/a><\/p>\n","protected":false},"excerpt":{"rendered":"<p>Fonte: Ag\u00eancia Brasil A previs\u00e3o do mercado financeiro para o \u00cdndice Nacional de Pre\u00e7os ao Consumidor Amplo (IPCA) &#8211; considerada a infla\u00e7\u00e3o oficial do pa\u00eds &#8211; subiu de 5,74% para 5,78% para este ano. A estimativa consta do Boletim Focus de hoje (6), pesquisa divulgada semanalmente pelo Banco Central (BC), em Bras\u00edlia, com a expectativa [&hellip;]<\/p>\n","protected":false},"author":66,"featured_media":0,"comment_status":"open","ping_status":"open","sticky":false,"template":"","format":"standard","meta":{"footnotes":""},"categories":[105],"tags":[],"_links":{"self":[{"href":"https:\/\/acs.org.br\/academy\/wp-json\/wp\/v2\/posts\/114047"}],"collection":[{"href":"https:\/\/acs.org.br\/academy\/wp-json\/wp\/v2\/posts"}],"about":[{"href":"https:\/\/acs.org.br\/academy\/wp-json\/wp\/v2\/types\/post"}],"author":[{"embeddable":true,"href":"https:\/\/acs.org.br\/academy\/wp-json\/wp\/v2\/users\/66"}],"replies":[{"embeddable":true,"href":"https:\/\/acs.org.br\/academy\/wp-json\/wp\/v2\/comments?post=114047"}],"version-history":[{"count":2,"href":"https:\/\/acs.org.br\/academy\/wp-json\/wp\/v2\/posts\/114047\/revisions"}],"predecessor-version":[{"id":114049,"href":"https:\/\/acs.org.br\/academy\/wp-json\/wp\/v2\/posts\/114047\/revisions\/114049"}],"wp:attachment":[{"href":"https:\/\/acs.org.br\/academy\/wp-json\/wp\/v2\/media?parent=114047"}],"wp:term":[{"taxonomy":"category","embeddable":true,"href":"https:\/\/acs.org.br\/academy\/wp-json\/wp\/v2\/categories?post=114047"},{"taxonomy":"post_tag","embeddable":true,"href":"https:\/\/acs.org.br\/academy\/wp-json\/wp\/v2\/tags?post=114047"}],"curies":[{"name":"wp","href":"https:\/\/api.w.org\/{rel}","templated":true}]}}