{"id":114038,"date":"2023-02-06T12:34:42","date_gmt":"2023-02-06T15:34:42","guid":{"rendered":"https:\/\/acs.org.br\/antigo\/?p=114038"},"modified":"2023-02-06T12:34:42","modified_gmt":"2023-02-06T15:34:42","slug":"economia-lula-avalia-isencao-do-ir-a-dois-minimos-em-2023","status":"publish","type":"post","link":"https:\/\/acs.org.br\/academy\/economia-lula-avalia-isencao-do-ir-a-dois-minimos-em-2023\/","title":{"rendered":"ECONOMIA: Lula avalia isen\u00e7\u00e3o do IR a dois m\u00ednimos em 2023"},"content":{"rendered":"<p>Fonte: A Tribuna<\/p>\n<p>Depois de prometer na campanha isentar do Imposto de Renda (IR) quem ganha at\u00e9 R$ 5 mil, o presidente Luiz In\u00e1cio Lula da Silva avalia iniciar a amplia\u00e7\u00e3o da faixa de isen\u00e7\u00e3o da tabela ainda este ano para quem ganha dois sal\u00e1rios-m\u00ednimos (R$ 2.604), apurou o Estad\u00e3o.<\/p>\n<p><a href=\"https:\/\/www.atribuna.com.br\/noticias\/economia\/lula-avalia-elevar-isencao-do-ir-a-dois-minimos-em-2023\">\u00a0LEIA MAIS&#8230;<\/a><\/p>\n","protected":false},"excerpt":{"rendered":"<p>Fonte: A Tribuna Depois de prometer na campanha isentar do Imposto de Renda (IR) quem ganha at\u00e9 R$ 5 mil, o presidente Luiz In\u00e1cio Lula da Silva avalia iniciar a amplia\u00e7\u00e3o da faixa de isen\u00e7\u00e3o da tabela ainda este ano para quem ganha dois sal\u00e1rios-m\u00ednimos (R$ 2.604), apurou o Estad\u00e3o. \u00a0LEIA MAIS&#8230;<\/p>\n","protected":false},"author":66,"featured_media":0,"comment_status":"open","ping_status":"open","sticky":false,"template":"","format":"standard","meta":{"footnotes":""},"categories":[105],"tags":[],"_links":{"self":[{"href":"https:\/\/acs.org.br\/academy\/wp-json\/wp\/v2\/posts\/114038"}],"collection":[{"href":"https:\/\/acs.org.br\/academy\/wp-json\/wp\/v2\/posts"}],"about":[{"href":"https:\/\/acs.org.br\/academy\/wp-json\/wp\/v2\/types\/post"}],"author":[{"embeddable":true,"href":"https:\/\/acs.org.br\/academy\/wp-json\/wp\/v2\/users\/66"}],"replies":[{"embeddable":true,"href":"https:\/\/acs.org.br\/academy\/wp-json\/wp\/v2\/comments?post=114038"}],"version-history":[{"count":1,"href":"https:\/\/acs.org.br\/academy\/wp-json\/wp\/v2\/posts\/114038\/revisions"}],"predecessor-version":[{"id":114042,"href":"https:\/\/acs.org.br\/academy\/wp-json\/wp\/v2\/posts\/114038\/revisions\/114042"}],"wp:attachment":[{"href":"https:\/\/acs.org.br\/academy\/wp-json\/wp\/v2\/media?parent=114038"}],"wp:term":[{"taxonomy":"category","embeddable":true,"href":"https:\/\/acs.org.br\/academy\/wp-json\/wp\/v2\/categories?post=114038"},{"taxonomy":"post_tag","embeddable":true,"href":"https:\/\/acs.org.br\/academy\/wp-json\/wp\/v2\/tags?post=114038"}],"curies":[{"name":"wp","href":"https:\/\/api.w.org\/{rel}","templated":true}]}}