{"id":114035,"date":"2023-02-06T12:33:39","date_gmt":"2023-02-06T15:33:39","guid":{"rendered":"https:\/\/acs.org.br\/antigo\/?p=114035"},"modified":"2023-02-06T12:33:39","modified_gmt":"2023-02-06T15:33:39","slug":"porto-aplicativo-para-comunicar-ocorrencias-nos-portos-de-santos-e-sao-sebastiao-inicia-operacao","status":"publish","type":"post","link":"https:\/\/acs.org.br\/academy\/porto-aplicativo-para-comunicar-ocorrencias-nos-portos-de-santos-e-sao-sebastiao-inicia-operacao\/","title":{"rendered":"PORTO: Aplicativo para comunicar ocorr\u00eancias nos portos de Santos e S\u00e3o Sebasti\u00e3o inicia opera\u00e7\u00e3o"},"content":{"rendered":"<p>Fonte: A Tribuna<\/p>\n<p>Os portos de Santos e S\u00e3o Sebasti\u00e3o passaram a contar nesta semana com um novo aplicativo par agilizar a comunica\u00e7\u00e3o de ocorr\u00eancias entre terminais e autoridades. A ferramenta, que \u00e9 voltada \u00e0 seguran\u00e7a portu\u00e1ria, foi desenvolvida por uma startup de Santos e implantada sob a coordena\u00e7\u00e3o da Ag\u00eancia Nacional de Transportes Aquavi\u00e1rios (Antaq) e da Comiss\u00e3o Estadual de Preven\u00e7\u00e3o de Acidentes e Incidentes do Complexo Portu\u00e1rio de Santos e S\u00e3o Sebasti\u00e3o (Cepai\/SP).<\/p>\n<p><a href=\"https:\/\/www.atribuna.com.br\/noticias\/portomar\/aplicativo-para-comunicar-ocorrencias-nos-portos-de-santos-e-sao-sebastiao-inicia-operacao\">LEIA MAIS&#8230;<\/a><\/p>\n","protected":false},"excerpt":{"rendered":"<p>Fonte: A Tribuna Os portos de Santos e S\u00e3o Sebasti\u00e3o passaram a contar nesta semana com um novo aplicativo par agilizar a comunica\u00e7\u00e3o de ocorr\u00eancias entre terminais e autoridades. A ferramenta, que \u00e9 voltada \u00e0 seguran\u00e7a portu\u00e1ria, foi desenvolvida por uma startup de Santos e implantada sob a coordena\u00e7\u00e3o da Ag\u00eancia Nacional de Transportes Aquavi\u00e1rios [&hellip;]<\/p>\n","protected":false},"author":66,"featured_media":0,"comment_status":"open","ping_status":"open","sticky":false,"template":"","format":"standard","meta":{"footnotes":""},"categories":[105],"tags":[],"_links":{"self":[{"href":"https:\/\/acs.org.br\/academy\/wp-json\/wp\/v2\/posts\/114035"}],"collection":[{"href":"https:\/\/acs.org.br\/academy\/wp-json\/wp\/v2\/posts"}],"about":[{"href":"https:\/\/acs.org.br\/academy\/wp-json\/wp\/v2\/types\/post"}],"author":[{"embeddable":true,"href":"https:\/\/acs.org.br\/academy\/wp-json\/wp\/v2\/users\/66"}],"replies":[{"embeddable":true,"href":"https:\/\/acs.org.br\/academy\/wp-json\/wp\/v2\/comments?post=114035"}],"version-history":[{"count":1,"href":"https:\/\/acs.org.br\/academy\/wp-json\/wp\/v2\/posts\/114035\/revisions"}],"predecessor-version":[{"id":114040,"href":"https:\/\/acs.org.br\/academy\/wp-json\/wp\/v2\/posts\/114035\/revisions\/114040"}],"wp:attachment":[{"href":"https:\/\/acs.org.br\/academy\/wp-json\/wp\/v2\/media?parent=114035"}],"wp:term":[{"taxonomy":"category","embeddable":true,"href":"https:\/\/acs.org.br\/academy\/wp-json\/wp\/v2\/categories?post=114035"},{"taxonomy":"post_tag","embeddable":true,"href":"https:\/\/acs.org.br\/academy\/wp-json\/wp\/v2\/tags?post=114035"}],"curies":[{"name":"wp","href":"https:\/\/api.w.org\/{rel}","templated":true}]}}