{"id":114016,"date":"2023-02-03T12:42:20","date_gmt":"2023-02-03T15:42:20","guid":{"rendered":"https:\/\/acs.org.br\/antigo\/?p=114016"},"modified":"2023-02-03T12:42:20","modified_gmt":"2023-02-03T15:42:20","slug":"cafe-exportacoes-globais-de-cafe-verde-caem-77-em-dezembro-diz-oic","status":"publish","type":"post","link":"https:\/\/acs.org.br\/academy\/cafe-exportacoes-globais-de-cafe-verde-caem-77-em-dezembro-diz-oic\/","title":{"rendered":"CAF\u00c9: Exporta\u00e7\u00f5es globais de caf\u00e9 verde caem 7,7% em dezembro, diz OIC"},"content":{"rendered":"<p>Fonte: Not\u00edcias Agr\u00edcolas<\/p>\n<p>A quantidade total de caf\u00e9 exportado no mundo caiu 7,7% em dezembro na compara\u00e7\u00e3o com o mesmo m\u00eas do ano anterior, para 9,81 milh\u00f5es de sacas, principalmente devido a menores embarques do tipo ar\u00e1bica, informou a Organiza\u00e7\u00e3o Internacional do Caf\u00e9 (OIC) nesta quinta-feira.<\/p>\n<p><a href=\"https:\/\/www.noticiasagricolas.com.br\/noticias\/cafe\/340321-exportacoes-globais-de-cafe-verde-caem-7-7-em-dezembro-diz-oic.html#.Y90kAHbMLIU\">LEIA MAIS&#8230;<\/a><\/p>\n","protected":false},"excerpt":{"rendered":"<p>Fonte: Not\u00edcias Agr\u00edcolas A quantidade total de caf\u00e9 exportado no mundo caiu 7,7% em dezembro na compara\u00e7\u00e3o com o mesmo m\u00eas do ano anterior, para 9,81 milh\u00f5es de sacas, principalmente devido a menores embarques do tipo ar\u00e1bica, informou a Organiza\u00e7\u00e3o Internacional do Caf\u00e9 (OIC) nesta quinta-feira. LEIA MAIS&#8230;<\/p>\n","protected":false},"author":66,"featured_media":0,"comment_status":"open","ping_status":"open","sticky":false,"template":"","format":"standard","meta":{"footnotes":""},"categories":[105],"tags":[],"_links":{"self":[{"href":"https:\/\/acs.org.br\/academy\/wp-json\/wp\/v2\/posts\/114016"}],"collection":[{"href":"https:\/\/acs.org.br\/academy\/wp-json\/wp\/v2\/posts"}],"about":[{"href":"https:\/\/acs.org.br\/academy\/wp-json\/wp\/v2\/types\/post"}],"author":[{"embeddable":true,"href":"https:\/\/acs.org.br\/academy\/wp-json\/wp\/v2\/users\/66"}],"replies":[{"embeddable":true,"href":"https:\/\/acs.org.br\/academy\/wp-json\/wp\/v2\/comments?post=114016"}],"version-history":[{"count":1,"href":"https:\/\/acs.org.br\/academy\/wp-json\/wp\/v2\/posts\/114016\/revisions"}],"predecessor-version":[{"id":114021,"href":"https:\/\/acs.org.br\/academy\/wp-json\/wp\/v2\/posts\/114016\/revisions\/114021"}],"wp:attachment":[{"href":"https:\/\/acs.org.br\/academy\/wp-json\/wp\/v2\/media?parent=114016"}],"wp:term":[{"taxonomy":"category","embeddable":true,"href":"https:\/\/acs.org.br\/academy\/wp-json\/wp\/v2\/categories?post=114016"},{"taxonomy":"post_tag","embeddable":true,"href":"https:\/\/acs.org.br\/academy\/wp-json\/wp\/v2\/tags?post=114016"}],"curies":[{"name":"wp","href":"https:\/\/api.w.org\/{rel}","templated":true}]}}