{"id":114015,"date":"2023-02-03T12:41:42","date_gmt":"2023-02-03T15:41:42","guid":{"rendered":"https:\/\/acs.org.br\/antigo\/?p=114015"},"modified":"2023-02-03T12:41:42","modified_gmt":"2023-02-03T15:41:42","slug":"cafe-pesquisa-demonstra-viabilidade-tecnica-e-economica-do-armazenamento-refrigerado-de-cafes-especiais","status":"publish","type":"post","link":"https:\/\/acs.org.br\/academy\/cafe-pesquisa-demonstra-viabilidade-tecnica-e-economica-do-armazenamento-refrigerado-de-cafes-especiais\/","title":{"rendered":"CAF\u00c9: Pesquisa demonstra Viabilidade T\u00e9cnica e Econ\u00f4mica do Armazenamento Refrigerado de Caf\u00e9s Especiais"},"content":{"rendered":"<p>Fonte: Not\u00edcias Agr\u00edcolas<\/p>\n<p>O caf\u00e9 \u00e9 uma das bebidas mais consumidas no mundo e, no caso do Brasil, \u00e9 tamb\u00e9m uma das principais commodities agr\u00edcolas comercializadas internamente e externamente. Para se ter uma ideia da dimens\u00e3o da cafeicultura em n\u00edvel mundial, no ano-cafeeiro 2022, a produ\u00e7\u00e3o global foi estimada em pouco mais de 167 milh\u00f5es de sacas de 60kg.<\/p>\n<p><a href=\"https:\/\/www.noticiasagricolas.com.br\/noticias\/cafe\/340259-pesquisa-demonstra-viabilidade-tecnica-e-economica-do-armazenamento-refrigerado-de-cafes-especiais.html#.Y90kDHbMLIU\">LEIA MAIS&#8230;<\/a><\/p>\n","protected":false},"excerpt":{"rendered":"<p>Fonte: Not\u00edcias Agr\u00edcolas O caf\u00e9 \u00e9 uma das bebidas mais consumidas no mundo e, no caso do Brasil, \u00e9 tamb\u00e9m uma das principais commodities agr\u00edcolas comercializadas internamente e externamente. Para se ter uma ideia da dimens\u00e3o da cafeicultura em n\u00edvel mundial, no ano-cafeeiro 2022, a produ\u00e7\u00e3o global foi estimada em pouco mais de 167 milh\u00f5es [&hellip;]<\/p>\n","protected":false},"author":66,"featured_media":0,"comment_status":"open","ping_status":"open","sticky":false,"template":"","format":"standard","meta":{"footnotes":""},"categories":[105],"tags":[],"_links":{"self":[{"href":"https:\/\/acs.org.br\/academy\/wp-json\/wp\/v2\/posts\/114015"}],"collection":[{"href":"https:\/\/acs.org.br\/academy\/wp-json\/wp\/v2\/posts"}],"about":[{"href":"https:\/\/acs.org.br\/academy\/wp-json\/wp\/v2\/types\/post"}],"author":[{"embeddable":true,"href":"https:\/\/acs.org.br\/academy\/wp-json\/wp\/v2\/users\/66"}],"replies":[{"embeddable":true,"href":"https:\/\/acs.org.br\/academy\/wp-json\/wp\/v2\/comments?post=114015"}],"version-history":[{"count":1,"href":"https:\/\/acs.org.br\/academy\/wp-json\/wp\/v2\/posts\/114015\/revisions"}],"predecessor-version":[{"id":114020,"href":"https:\/\/acs.org.br\/academy\/wp-json\/wp\/v2\/posts\/114015\/revisions\/114020"}],"wp:attachment":[{"href":"https:\/\/acs.org.br\/academy\/wp-json\/wp\/v2\/media?parent=114015"}],"wp:term":[{"taxonomy":"category","embeddable":true,"href":"https:\/\/acs.org.br\/academy\/wp-json\/wp\/v2\/categories?post=114015"},{"taxonomy":"post_tag","embeddable":true,"href":"https:\/\/acs.org.br\/academy\/wp-json\/wp\/v2\/tags?post=114015"}],"curies":[{"name":"wp","href":"https:\/\/api.w.org\/{rel}","templated":true}]}}