{"id":114006,"date":"2023-02-03T12:36:59","date_gmt":"2023-02-03T15:36:59","guid":{"rendered":"https:\/\/acs.org.br\/antigo\/?p=114006"},"modified":"2023-02-03T12:36:59","modified_gmt":"2023-02-03T15:36:59","slug":"porto-ampliacao-das-instalacoes-do-porto-de-santos-depende-de-novos-projetos","status":"publish","type":"post","link":"https:\/\/acs.org.br\/academy\/porto-ampliacao-das-instalacoes-do-porto-de-santos-depende-de-novos-projetos\/","title":{"rendered":"PORTO: Amplia\u00e7\u00e3o das instala\u00e7\u00f5es do Porto de Santos depende de novos projetos"},"content":{"rendered":"<p>Fonte: A Tribuna<\/p>\n<p>O projeto de desestatiza\u00e7\u00e3o do Porto de Santos levou o ent\u00e3o Minist\u00e9rio da Infraestrutura (MInfra) a, ao longo de 2022, revisar a poligonal do complexo santista, que foi quase duplicada em janeiro do ano passado, conforme publica\u00e7\u00e3o no Di\u00e1rio Oficial da Uni\u00e3o. A atualiza\u00e7\u00e3o do tra\u00e7ado para 15,5 quil\u00f4metros quadrados se mostrava interessante para o concession\u00e1rio privado que estaria por vir, pois permitiria o desenvolvimento de novos empreendimentos.<\/p>\n<p><a href=\"https:\/\/www.atribuna.com.br\/noticias\/portomar\/ampliacao-das-instalacoes-do-porto-de-santos-depende-de-novos-projetos\">LEIA MAIS&#8230;<\/a><\/p>\n","protected":false},"excerpt":{"rendered":"<p>Fonte: A Tribuna O projeto de desestatiza\u00e7\u00e3o do Porto de Santos levou o ent\u00e3o Minist\u00e9rio da Infraestrutura (MInfra) a, ao longo de 2022, revisar a poligonal do complexo santista, que foi quase duplicada em janeiro do ano passado, conforme publica\u00e7\u00e3o no Di\u00e1rio Oficial da Uni\u00e3o. A atualiza\u00e7\u00e3o do tra\u00e7ado para 15,5 quil\u00f4metros quadrados se mostrava [&hellip;]<\/p>\n","protected":false},"author":66,"featured_media":0,"comment_status":"open","ping_status":"open","sticky":false,"template":"","format":"standard","meta":{"footnotes":""},"categories":[105],"tags":[],"_links":{"self":[{"href":"https:\/\/acs.org.br\/academy\/wp-json\/wp\/v2\/posts\/114006"}],"collection":[{"href":"https:\/\/acs.org.br\/academy\/wp-json\/wp\/v2\/posts"}],"about":[{"href":"https:\/\/acs.org.br\/academy\/wp-json\/wp\/v2\/types\/post"}],"author":[{"embeddable":true,"href":"https:\/\/acs.org.br\/academy\/wp-json\/wp\/v2\/users\/66"}],"replies":[{"embeddable":true,"href":"https:\/\/acs.org.br\/academy\/wp-json\/wp\/v2\/comments?post=114006"}],"version-history":[{"count":1,"href":"https:\/\/acs.org.br\/academy\/wp-json\/wp\/v2\/posts\/114006\/revisions"}],"predecessor-version":[{"id":114007,"href":"https:\/\/acs.org.br\/academy\/wp-json\/wp\/v2\/posts\/114006\/revisions\/114007"}],"wp:attachment":[{"href":"https:\/\/acs.org.br\/academy\/wp-json\/wp\/v2\/media?parent=114006"}],"wp:term":[{"taxonomy":"category","embeddable":true,"href":"https:\/\/acs.org.br\/academy\/wp-json\/wp\/v2\/categories?post=114006"},{"taxonomy":"post_tag","embeddable":true,"href":"https:\/\/acs.org.br\/academy\/wp-json\/wp\/v2\/tags?post=114006"}],"curies":[{"name":"wp","href":"https:\/\/api.w.org\/{rel}","templated":true}]}}