{"id":114005,"date":"2023-02-03T12:38:55","date_gmt":"2023-02-03T15:38:55","guid":{"rendered":"https:\/\/acs.org.br\/antigo\/?p=114005"},"modified":"2023-02-03T12:38:55","modified_gmt":"2023-02-03T15:38:55","slug":"economia-reforma-tributaria-pode-ser-votada-ate-final-do-ano-diz-guimaraes","status":"publish","type":"post","link":"https:\/\/acs.org.br\/academy\/economia-reforma-tributaria-pode-ser-votada-ate-final-do-ano-diz-guimaraes\/","title":{"rendered":"ECONOMIA: Reforma tribut\u00e1ria pode ser votada at\u00e9 final do ano, diz Guimar\u00e3es"},"content":{"rendered":"<p>Fonte: Ag\u00eancia Brasil<\/p>\n<p>A reforma tribut\u00e1ria \u00e9 um dos projetos priorit\u00e1rios do governo no Congresso este ano. Ap\u00f3s reuni\u00e3o com o presidente Luiz In\u00e1cio Lula da Silva, hoje (2), no Pal\u00e1cio do Planalto, o l\u00edder do governo na C\u00e2mara, deputado Jos\u00e9 Guimar\u00e3es (PT -CE), disse que, \u201centre tantos assuntos importantes\u201d, este foi um dos citados por Lula.<\/p>\n<p><a href=\"https:\/\/agenciabrasil.ebc.com.br\/politica\/noticia\/2023-02\/reforma-tributaria-pode-ser-votada-ate-final-do-ano-diz-guimaraes\">LEIA MAIS&#8230;<\/a><\/p>\n","protected":false},"excerpt":{"rendered":"<p>Fonte: Ag\u00eancia Brasil A reforma tribut\u00e1ria \u00e9 um dos projetos priorit\u00e1rios do governo no Congresso este ano. Ap\u00f3s reuni\u00e3o com o presidente Luiz In\u00e1cio Lula da Silva, hoje (2), no Pal\u00e1cio do Planalto, o l\u00edder do governo na C\u00e2mara, deputado Jos\u00e9 Guimar\u00e3es (PT -CE), disse que, \u201centre tantos assuntos importantes\u201d, este foi um dos citados [&hellip;]<\/p>\n","protected":false},"author":66,"featured_media":0,"comment_status":"open","ping_status":"open","sticky":false,"template":"","format":"standard","meta":{"footnotes":""},"categories":[105],"tags":[],"_links":{"self":[{"href":"https:\/\/acs.org.br\/academy\/wp-json\/wp\/v2\/posts\/114005"}],"collection":[{"href":"https:\/\/acs.org.br\/academy\/wp-json\/wp\/v2\/posts"}],"about":[{"href":"https:\/\/acs.org.br\/academy\/wp-json\/wp\/v2\/types\/post"}],"author":[{"embeddable":true,"href":"https:\/\/acs.org.br\/academy\/wp-json\/wp\/v2\/users\/66"}],"replies":[{"embeddable":true,"href":"https:\/\/acs.org.br\/academy\/wp-json\/wp\/v2\/comments?post=114005"}],"version-history":[{"count":1,"href":"https:\/\/acs.org.br\/academy\/wp-json\/wp\/v2\/posts\/114005\/revisions"}],"predecessor-version":[{"id":114011,"href":"https:\/\/acs.org.br\/academy\/wp-json\/wp\/v2\/posts\/114005\/revisions\/114011"}],"wp:attachment":[{"href":"https:\/\/acs.org.br\/academy\/wp-json\/wp\/v2\/media?parent=114005"}],"wp:term":[{"taxonomy":"category","embeddable":true,"href":"https:\/\/acs.org.br\/academy\/wp-json\/wp\/v2\/categories?post=114005"},{"taxonomy":"post_tag","embeddable":true,"href":"https:\/\/acs.org.br\/academy\/wp-json\/wp\/v2\/tags?post=114005"}],"curies":[{"name":"wp","href":"https:\/\/api.w.org\/{rel}","templated":true}]}}