{"id":113989,"date":"2023-02-02T12:44:28","date_gmt":"2023-02-02T15:44:28","guid":{"rendered":"https:\/\/acs.org.br\/antigo\/?p=113989"},"modified":"2023-02-02T12:44:28","modified_gmt":"2023-02-02T15:44:28","slug":"cafe-exportacao-de-cafe-em-janeiro-cai-511-ante-janeiro-de-2022-mostra-secex","status":"publish","type":"post","link":"https:\/\/acs.org.br\/academy\/cafe-exportacao-de-cafe-em-janeiro-cai-511-ante-janeiro-de-2022-mostra-secex\/","title":{"rendered":"CAF\u00c9: Exporta\u00e7\u00e3o de caf\u00e9 em janeiro cai 5,11% ante janeiro de 2022, mostra Secex"},"content":{"rendered":"<p>Fonte: ISTO\u00c9 \u00a0\u00a0\u00a0<\/p>\n<p>A exporta\u00e7\u00e3o total caf\u00e9 pelo Brasil (verde e sol\u00favel) no m\u00eas de janeiro de 2023 alcan\u00e7ou 2,968 milh\u00f5es de sacas de 60 kg, o que corresponde a uma queda de 5,11% em compara\u00e7\u00e3o com igual m\u00eas de 2022 (3,128 milh\u00f5es de sacas). Em termos de receita cambial, houve diminui\u00e7\u00e3o de 3,23% entre os dois per\u00edodos, de US$ 719,553 milh\u00f5es para US$ 696,324 milh\u00f5es.<\/p>\n<p><a href=\"https:\/\/www.istoedinheiro.com.br\/exportacao-de-cafe-em-janeiro-cai-511-ante-janeiro-de-2022-mostra-secex\/\">LEIA MAIS&#8230;<\/a><\/p>\n","protected":false},"excerpt":{"rendered":"<p>Fonte: ISTO\u00c9 \u00a0\u00a0\u00a0 A exporta\u00e7\u00e3o total caf\u00e9 pelo Brasil (verde e sol\u00favel) no m\u00eas de janeiro de 2023 alcan\u00e7ou 2,968 milh\u00f5es de sacas de 60 kg, o que corresponde a uma queda de 5,11% em compara\u00e7\u00e3o com igual m\u00eas de 2022 (3,128 milh\u00f5es de sacas). Em termos de receita cambial, houve diminui\u00e7\u00e3o de 3,23% entre [&hellip;]<\/p>\n","protected":false},"author":66,"featured_media":0,"comment_status":"open","ping_status":"open","sticky":false,"template":"","format":"standard","meta":{"footnotes":""},"categories":[105],"tags":[],"_links":{"self":[{"href":"https:\/\/acs.org.br\/academy\/wp-json\/wp\/v2\/posts\/113989"}],"collection":[{"href":"https:\/\/acs.org.br\/academy\/wp-json\/wp\/v2\/posts"}],"about":[{"href":"https:\/\/acs.org.br\/academy\/wp-json\/wp\/v2\/types\/post"}],"author":[{"embeddable":true,"href":"https:\/\/acs.org.br\/academy\/wp-json\/wp\/v2\/users\/66"}],"replies":[{"embeddable":true,"href":"https:\/\/acs.org.br\/academy\/wp-json\/wp\/v2\/comments?post=113989"}],"version-history":[{"count":1,"href":"https:\/\/acs.org.br\/academy\/wp-json\/wp\/v2\/posts\/113989\/revisions"}],"predecessor-version":[{"id":113993,"href":"https:\/\/acs.org.br\/academy\/wp-json\/wp\/v2\/posts\/113989\/revisions\/113993"}],"wp:attachment":[{"href":"https:\/\/acs.org.br\/academy\/wp-json\/wp\/v2\/media?parent=113989"}],"wp:term":[{"taxonomy":"category","embeddable":true,"href":"https:\/\/acs.org.br\/academy\/wp-json\/wp\/v2\/categories?post=113989"},{"taxonomy":"post_tag","embeddable":true,"href":"https:\/\/acs.org.br\/academy\/wp-json\/wp\/v2\/tags?post=113989"}],"curies":[{"name":"wp","href":"https:\/\/api.w.org\/{rel}","templated":true}]}}