{"id":113983,"date":"2023-02-02T12:40:57","date_gmt":"2023-02-02T15:40:57","guid":{"rendered":"https:\/\/acs.org.br\/antigo\/?p=113983"},"modified":"2023-02-02T12:40:57","modified_gmt":"2023-02-02T15:40:57","slug":"porto-futuro-do-porto-de-santos-a-espera-de-definicao-sobre-desestatizacao","status":"publish","type":"post","link":"https:\/\/acs.org.br\/academy\/porto-futuro-do-porto-de-santos-a-espera-de-definicao-sobre-desestatizacao\/","title":{"rendered":"PORTO: Futuro do Porto de Santos \u00e0 espera de defini\u00e7\u00e3o sobre desestatiza\u00e7\u00e3o"},"content":{"rendered":"<p>Fonte: A Tribuna<\/p>\n<p>J\u00e1 s\u00e3o mais de 12 meses de discuss\u00f5es, perspectivas, cr\u00edticas, an\u00e1lise do Tribunal de Contas da Uni\u00e3o (TCU) e um cronograma cujo prazo final estava marcado para dezembro do ano passado. Por\u00e9m, agora, se depender do novo ministro de Portos e Aeroportos, M\u00e1rcio Fran\u00e7a, a privatiza\u00e7\u00e3o do Porto de Santos, cuja previs\u00e3o de investimentos era de R$ 30 bilh\u00f5es, n\u00e3o deve sair do papel.<\/p>\n<p><a href=\"https:\/\/www.atribuna.com.br\/noticias\/portomar\/futuro-do-porto-de-santos-a-espera-de-definicao-sobre-desestatizacao\">LEIA MAIS&#8230;<\/a><\/p>\n","protected":false},"excerpt":{"rendered":"<p>Fonte: A Tribuna J\u00e1 s\u00e3o mais de 12 meses de discuss\u00f5es, perspectivas, cr\u00edticas, an\u00e1lise do Tribunal de Contas da Uni\u00e3o (TCU) e um cronograma cujo prazo final estava marcado para dezembro do ano passado. Por\u00e9m, agora, se depender do novo ministro de Portos e Aeroportos, M\u00e1rcio Fran\u00e7a, a privatiza\u00e7\u00e3o do Porto de Santos, cuja previs\u00e3o [&hellip;]<\/p>\n","protected":false},"author":66,"featured_media":0,"comment_status":"open","ping_status":"open","sticky":false,"template":"","format":"standard","meta":{"footnotes":""},"categories":[105],"tags":[],"_links":{"self":[{"href":"https:\/\/acs.org.br\/academy\/wp-json\/wp\/v2\/posts\/113983"}],"collection":[{"href":"https:\/\/acs.org.br\/academy\/wp-json\/wp\/v2\/posts"}],"about":[{"href":"https:\/\/acs.org.br\/academy\/wp-json\/wp\/v2\/types\/post"}],"author":[{"embeddable":true,"href":"https:\/\/acs.org.br\/academy\/wp-json\/wp\/v2\/users\/66"}],"replies":[{"embeddable":true,"href":"https:\/\/acs.org.br\/academy\/wp-json\/wp\/v2\/comments?post=113983"}],"version-history":[{"count":1,"href":"https:\/\/acs.org.br\/academy\/wp-json\/wp\/v2\/posts\/113983\/revisions"}],"predecessor-version":[{"id":113984,"href":"https:\/\/acs.org.br\/academy\/wp-json\/wp\/v2\/posts\/113983\/revisions\/113984"}],"wp:attachment":[{"href":"https:\/\/acs.org.br\/academy\/wp-json\/wp\/v2\/media?parent=113983"}],"wp:term":[{"taxonomy":"category","embeddable":true,"href":"https:\/\/acs.org.br\/academy\/wp-json\/wp\/v2\/categories?post=113983"},{"taxonomy":"post_tag","embeddable":true,"href":"https:\/\/acs.org.br\/academy\/wp-json\/wp\/v2\/tags?post=113983"}],"curies":[{"name":"wp","href":"https:\/\/api.w.org\/{rel}","templated":true}]}}