{"id":113979,"date":"2023-02-02T12:41:30","date_gmt":"2023-02-02T15:41:30","guid":{"rendered":"https:\/\/acs.org.br\/antigo\/?p=113979"},"modified":"2023-02-02T12:41:30","modified_gmt":"2023-02-02T15:41:30","slug":"porto-uniao-e-estado-debatem-desestatizacao-do-porto-de-santos","status":"publish","type":"post","link":"https:\/\/acs.org.br\/academy\/porto-uniao-e-estado-debatem-desestatizacao-do-porto-de-santos\/","title":{"rendered":"PORTO: Uni\u00e3o e Estado debatem desestatiza\u00e7\u00e3o do Porto de Santos"},"content":{"rendered":"<p>Fonte: BE News<\/p>\n<p>O Porto de Santos celebra seus 131 anos em meio a um debate sobre a desestatiza\u00e7\u00e3o ou n\u00e3o da Santos Port Authority (SPA), que administra o complexo.<\/p>\n<p>De um lado o Governo do Estado, representado pelo governador Tarc\u00edsio de Freitas (Republicanos), que defende a mudan\u00e7a desde que ocupava o cargo de ministro da Infraestrutura, no governo de Bolsonaro. Do outro, o Governo Federal, que sob nova dire\u00e7\u00e3o, v\u00ea o cen\u00e1rio de outra forma, mas mant\u00e9m a discuss\u00e3o em aberto.<\/p>\n<p><a href=\"https:\/\/portalbenews.com.br\/editoria\/porto-de-santos\/uniao-e-estado-debatem-desestatizacao-do-porto-de-santos\/\">LEIA MAIS&#8230;<\/a><\/p>\n","protected":false},"excerpt":{"rendered":"<p>Fonte: BE News O Porto de Santos celebra seus 131 anos em meio a um debate sobre a desestatiza\u00e7\u00e3o ou n\u00e3o da Santos Port Authority (SPA), que administra o complexo. De um lado o Governo do Estado, representado pelo governador Tarc\u00edsio de Freitas (Republicanos), que defende a mudan\u00e7a desde que ocupava o cargo de ministro [&hellip;]<\/p>\n","protected":false},"author":66,"featured_media":0,"comment_status":"open","ping_status":"open","sticky":false,"template":"","format":"standard","meta":{"footnotes":""},"categories":[105],"tags":[],"_links":{"self":[{"href":"https:\/\/acs.org.br\/academy\/wp-json\/wp\/v2\/posts\/113979"}],"collection":[{"href":"https:\/\/acs.org.br\/academy\/wp-json\/wp\/v2\/posts"}],"about":[{"href":"https:\/\/acs.org.br\/academy\/wp-json\/wp\/v2\/types\/post"}],"author":[{"embeddable":true,"href":"https:\/\/acs.org.br\/academy\/wp-json\/wp\/v2\/users\/66"}],"replies":[{"embeddable":true,"href":"https:\/\/acs.org.br\/academy\/wp-json\/wp\/v2\/comments?post=113979"}],"version-history":[{"count":1,"href":"https:\/\/acs.org.br\/academy\/wp-json\/wp\/v2\/posts\/113979\/revisions"}],"predecessor-version":[{"id":113985,"href":"https:\/\/acs.org.br\/academy\/wp-json\/wp\/v2\/posts\/113979\/revisions\/113985"}],"wp:attachment":[{"href":"https:\/\/acs.org.br\/academy\/wp-json\/wp\/v2\/media?parent=113979"}],"wp:term":[{"taxonomy":"category","embeddable":true,"href":"https:\/\/acs.org.br\/academy\/wp-json\/wp\/v2\/categories?post=113979"},{"taxonomy":"post_tag","embeddable":true,"href":"https:\/\/acs.org.br\/academy\/wp-json\/wp\/v2\/tags?post=113979"}],"curies":[{"name":"wp","href":"https:\/\/api.w.org\/{rel}","templated":true}]}}