{"id":113953,"date":"2023-02-01T13:34:40","date_gmt":"2023-02-01T16:34:40","guid":{"rendered":"https:\/\/acs.org.br\/antigo\/?p=113953"},"modified":"2023-02-01T13:34:40","modified_gmt":"2023-02-01T16:34:40","slug":"cafe-cafe-cepea-janeiro-e-marcado-por-alta-de-precos-e-reaquecimento-do-mercado-domestico","status":"publish","type":"post","link":"https:\/\/acs.org.br\/academy\/cafe-cafe-cepea-janeiro-e-marcado-por-alta-de-precos-e-reaquecimento-do-mercado-domestico\/","title":{"rendered":"CAF\u00c9: Caf\u00e9\/Cepea: Janeiro \u00e9 marcado por alta de pre\u00e7os e reaquecimento do mercado dom\u00e9stico"},"content":{"rendered":"<p>Fonte: Not\u00edcias Agr\u00edcolas \u00a0\u00a0\u00a0<\/p>\n<p>O primeiro m\u00eas de 2023 foi caracterizado pelo retorno mais firme das negocia\u00e7\u00f5es de caf\u00e9s ar\u00e1bica e robusta no mercado dom\u00e9stico, devido \u00e0 maior necessidade por parte da ind\u00fastria, o que \u00e9 t\u00edpico deste per\u00edodo. Ao longo de janeiro, apesar da oscila\u00e7\u00e3o dos pre\u00e7os, o movimento de alta prevaleceu, conforme indicam os dados do Cepea.<\/p>\n<p><a href=\"https:\/\/www.noticiasagricolas.com.br\/noticias\/cafe\/340087-cafe-cepea-janeiro-e-marcado-por-alta-de-precos-e-reaquecimento-do-mercado-domestico.html#.Y9qG1nbMLIU\">LEIA MAIS&#8230;<\/a><\/p>\n","protected":false},"excerpt":{"rendered":"<p>Fonte: Not\u00edcias Agr\u00edcolas \u00a0\u00a0\u00a0 O primeiro m\u00eas de 2023 foi caracterizado pelo retorno mais firme das negocia\u00e7\u00f5es de caf\u00e9s ar\u00e1bica e robusta no mercado dom\u00e9stico, devido \u00e0 maior necessidade por parte da ind\u00fastria, o que \u00e9 t\u00edpico deste per\u00edodo. Ao longo de janeiro, apesar da oscila\u00e7\u00e3o dos pre\u00e7os, o movimento de alta prevaleceu, conforme indicam [&hellip;]<\/p>\n","protected":false},"author":66,"featured_media":0,"comment_status":"open","ping_status":"open","sticky":false,"template":"","format":"standard","meta":{"footnotes":""},"categories":[105],"tags":[],"_links":{"self":[{"href":"https:\/\/acs.org.br\/academy\/wp-json\/wp\/v2\/posts\/113953"}],"collection":[{"href":"https:\/\/acs.org.br\/academy\/wp-json\/wp\/v2\/posts"}],"about":[{"href":"https:\/\/acs.org.br\/academy\/wp-json\/wp\/v2\/types\/post"}],"author":[{"embeddable":true,"href":"https:\/\/acs.org.br\/academy\/wp-json\/wp\/v2\/users\/66"}],"replies":[{"embeddable":true,"href":"https:\/\/acs.org.br\/academy\/wp-json\/wp\/v2\/comments?post=113953"}],"version-history":[{"count":1,"href":"https:\/\/acs.org.br\/academy\/wp-json\/wp\/v2\/posts\/113953\/revisions"}],"predecessor-version":[{"id":113959,"href":"https:\/\/acs.org.br\/academy\/wp-json\/wp\/v2\/posts\/113953\/revisions\/113959"}],"wp:attachment":[{"href":"https:\/\/acs.org.br\/academy\/wp-json\/wp\/v2\/media?parent=113953"}],"wp:term":[{"taxonomy":"category","embeddable":true,"href":"https:\/\/acs.org.br\/academy\/wp-json\/wp\/v2\/categories?post=113953"},{"taxonomy":"post_tag","embeddable":true,"href":"https:\/\/acs.org.br\/academy\/wp-json\/wp\/v2\/tags?post=113953"}],"curies":[{"name":"wp","href":"https:\/\/api.w.org\/{rel}","templated":true}]}}