{"id":113944,"date":"2023-02-01T13:33:01","date_gmt":"2023-02-01T16:33:01","guid":{"rendered":"https:\/\/acs.org.br\/antigo\/?p=113944"},"modified":"2023-02-01T13:33:01","modified_gmt":"2023-02-01T16:33:01","slug":"economia-para-economistas-bc-deve-manter-juros-a-1375-mas-com-alerta-para-inflacao-futura","status":"publish","type":"post","link":"https:\/\/acs.org.br\/academy\/economia-para-economistas-bc-deve-manter-juros-a-1375-mas-com-alerta-para-inflacao-futura\/","title":{"rendered":"ECONOMIA: Para economistas, BC deve manter juros a 13,75%, mas com alerta para infla\u00e7\u00e3o futura"},"content":{"rendered":"<p>Fonte: CNN Brasil<\/p>\n<p>O Comit\u00ea de Pol\u00edtica Econ\u00f4mica (Copom) do Banco Central (BC) anuncia nesta quarta-feira (1\u00ba) a primeira decis\u00e3o do ano sobre a Selic, a taxa b\u00e1sica de juros da economia brasileira.<\/p>\n<p>\u00c9 consenso entre economistas que a autoridade monet\u00e1ria dever\u00e1 manter a Selic nos mesmos 13,75% em que est\u00e1 desde agosto do ano passado. \u00c9 a taxa mais alta desde 2016.<\/p>\n<p><a href=\"https:\/\/www.cnnbrasil.com.br\/business\/para-economistas-bc-deve-manter-juros-a-1375-mas-com-alerta-para-inflacao-futura\/\">LEIA MAIS&#8230;<\/a><\/p>\n","protected":false},"excerpt":{"rendered":"<p>Fonte: CNN Brasil O Comit\u00ea de Pol\u00edtica Econ\u00f4mica (Copom) do Banco Central (BC) anuncia nesta quarta-feira (1\u00ba) a primeira decis\u00e3o do ano sobre a Selic, a taxa b\u00e1sica de juros da economia brasileira. \u00c9 consenso entre economistas que a autoridade monet\u00e1ria dever\u00e1 manter a Selic nos mesmos 13,75% em que est\u00e1 desde agosto do ano [&hellip;]<\/p>\n","protected":false},"author":66,"featured_media":0,"comment_status":"open","ping_status":"open","sticky":false,"template":"","format":"standard","meta":{"footnotes":""},"categories":[105],"tags":[],"_links":{"self":[{"href":"https:\/\/acs.org.br\/academy\/wp-json\/wp\/v2\/posts\/113944"}],"collection":[{"href":"https:\/\/acs.org.br\/academy\/wp-json\/wp\/v2\/posts"}],"about":[{"href":"https:\/\/acs.org.br\/academy\/wp-json\/wp\/v2\/types\/post"}],"author":[{"embeddable":true,"href":"https:\/\/acs.org.br\/academy\/wp-json\/wp\/v2\/users\/66"}],"replies":[{"embeddable":true,"href":"https:\/\/acs.org.br\/academy\/wp-json\/wp\/v2\/comments?post=113944"}],"version-history":[{"count":1,"href":"https:\/\/acs.org.br\/academy\/wp-json\/wp\/v2\/posts\/113944\/revisions"}],"predecessor-version":[{"id":113950,"href":"https:\/\/acs.org.br\/academy\/wp-json\/wp\/v2\/posts\/113944\/revisions\/113950"}],"wp:attachment":[{"href":"https:\/\/acs.org.br\/academy\/wp-json\/wp\/v2\/media?parent=113944"}],"wp:term":[{"taxonomy":"category","embeddable":true,"href":"https:\/\/acs.org.br\/academy\/wp-json\/wp\/v2\/categories?post=113944"},{"taxonomy":"post_tag","embeddable":true,"href":"https:\/\/acs.org.br\/academy\/wp-json\/wp\/v2\/tags?post=113944"}],"curies":[{"name":"wp","href":"https:\/\/api.w.org\/{rel}","templated":true}]}}