{"id":113943,"date":"2023-02-01T13:31:53","date_gmt":"2023-02-01T16:31:53","guid":{"rendered":"https:\/\/acs.org.br\/antigo\/?p=113943"},"modified":"2023-02-01T13:31:53","modified_gmt":"2023-02-01T16:31:53","slug":"economia-caged-2-mi-de-vagas-em-2022","status":"publish","type":"post","link":"https:\/\/acs.org.br\/academy\/economia-caged-2-mi-de-vagas-em-2022\/","title":{"rendered":"ECONOMIA: Caged: 2 mi de vagas em 2022"},"content":{"rendered":"<p>Fonte: A Tribuna<\/p>\n<p>O Brasil gerou 2,03 milh\u00f5es de empregos com carteira assinada no ano passa-do, segundo dados do Cadastro Geral de Empregados e Desempregados (Ca-ged) divulgados ontem pelo Minist\u00e9rio do Trabalho.<\/p>\n<p>O n\u00famero representa queda de 26,6% em rela\u00e7\u00e3o ao ano anterior &#8211; quando<\/p>\n<p>2,77 milh\u00f5es de vagas formais foram criadas. No ano passado, foram registrados 22,6 milh\u00f5es de contrata\u00e7\u00f5es e 20,6 milh\u00f5es de demiss\u00f5es.<\/p>\n<p><a href=\"https:\/\/acs.org.br\/antigo\/wp-content\/uploads\/2023\/02\/caged-tribuna.pdf\">LEIA MAIS&#8230;<\/a><\/p>\n","protected":false},"excerpt":{"rendered":"<p>Fonte: A Tribuna O Brasil gerou 2,03 milh\u00f5es de empregos com carteira assinada no ano passa-do, segundo dados do Cadastro Geral de Empregados e Desempregados (Ca-ged) divulgados ontem pelo Minist\u00e9rio do Trabalho. O n\u00famero representa queda de 26,6% em rela\u00e7\u00e3o ao ano anterior &#8211; quando 2,77 milh\u00f5es de vagas formais foram criadas. No ano passado, [&hellip;]<\/p>\n","protected":false},"author":66,"featured_media":0,"comment_status":"open","ping_status":"open","sticky":false,"template":"","format":"standard","meta":{"footnotes":""},"categories":[105],"tags":[],"_links":{"self":[{"href":"https:\/\/acs.org.br\/academy\/wp-json\/wp\/v2\/posts\/113943"}],"collection":[{"href":"https:\/\/acs.org.br\/academy\/wp-json\/wp\/v2\/posts"}],"about":[{"href":"https:\/\/acs.org.br\/academy\/wp-json\/wp\/v2\/types\/post"}],"author":[{"embeddable":true,"href":"https:\/\/acs.org.br\/academy\/wp-json\/wp\/v2\/users\/66"}],"replies":[{"embeddable":true,"href":"https:\/\/acs.org.br\/academy\/wp-json\/wp\/v2\/comments?post=113943"}],"version-history":[{"count":1,"href":"https:\/\/acs.org.br\/academy\/wp-json\/wp\/v2\/posts\/113943\/revisions"}],"predecessor-version":[{"id":113948,"href":"https:\/\/acs.org.br\/academy\/wp-json\/wp\/v2\/posts\/113943\/revisions\/113948"}],"wp:attachment":[{"href":"https:\/\/acs.org.br\/academy\/wp-json\/wp\/v2\/media?parent=113943"}],"wp:term":[{"taxonomy":"category","embeddable":true,"href":"https:\/\/acs.org.br\/academy\/wp-json\/wp\/v2\/categories?post=113943"},{"taxonomy":"post_tag","embeddable":true,"href":"https:\/\/acs.org.br\/academy\/wp-json\/wp\/v2\/tags?post=113943"}],"curies":[{"name":"wp","href":"https:\/\/api.w.org\/{rel}","templated":true}]}}