{"id":113941,"date":"2023-02-01T13:31:10","date_gmt":"2023-02-01T16:31:10","guid":{"rendered":"https:\/\/acs.org.br\/antigo\/?p=113941"},"modified":"2023-02-01T13:31:10","modified_gmt":"2023-02-01T16:31:10","slug":"economia-mpf-entra-com-liminar-para-impedir-afundamento-do-ex-nae-sao-paulo","status":"publish","type":"post","link":"https:\/\/acs.org.br\/academy\/economia-mpf-entra-com-liminar-para-impedir-afundamento-do-ex-nae-sao-paulo\/","title":{"rendered":"ECONOMIA: MPF entra com liminar para impedir afundamento do ex-NAe S\u00e3o Paulo"},"content":{"rendered":"<p>Fonte: Portos e Navios \u00a0<\/p>\n<p>O Minist\u00e9rio P\u00fablico Federal (MPF) entrou com um pedido de liminar para impedir que o casco do antigo porta-avi\u00f5es S\u00e3o Paulo seja afundado em \u00e1guas brasileiras. O \u00f3rg\u00e3o requereu \u00e0 Justi\u00e7a Federal a fim de que se determine \u00e0 Marinha do Brasil a imediata suspens\u00e3o de qualquer servi\u00e7o voltado ao afundamento da embarca\u00e7\u00e3o, em alto-mar ou pr\u00f3ximo ao litoral, sem a apresenta\u00e7\u00e3o de estudos que comprovem a aus\u00eancia de risco ambiental. O casco do S\u00e3o Paulo \u00e9 composto de amianto, subst\u00e2ncia com potencial t\u00f3xico e cancer\u00edgeno.<\/p>\n<p><a href=\"https:\/\/www.portosenavios.com.br\/noticias\/navegacao-e-marinha\/mpf-entra-com-liminar-para-impedir-afundamento-do-ex-nae-sao-paulo\">LEIA MAIS&#8230;<\/a><\/p>\n","protected":false},"excerpt":{"rendered":"<p>Fonte: Portos e Navios \u00a0 O Minist\u00e9rio P\u00fablico Federal (MPF) entrou com um pedido de liminar para impedir que o casco do antigo porta-avi\u00f5es S\u00e3o Paulo seja afundado em \u00e1guas brasileiras. O \u00f3rg\u00e3o requereu \u00e0 Justi\u00e7a Federal a fim de que se determine \u00e0 Marinha do Brasil a imediata suspens\u00e3o de qualquer servi\u00e7o voltado ao [&hellip;]<\/p>\n","protected":false},"author":66,"featured_media":0,"comment_status":"open","ping_status":"open","sticky":false,"template":"","format":"standard","meta":{"footnotes":""},"categories":[105],"tags":[],"_links":{"self":[{"href":"https:\/\/acs.org.br\/academy\/wp-json\/wp\/v2\/posts\/113941"}],"collection":[{"href":"https:\/\/acs.org.br\/academy\/wp-json\/wp\/v2\/posts"}],"about":[{"href":"https:\/\/acs.org.br\/academy\/wp-json\/wp\/v2\/types\/post"}],"author":[{"embeddable":true,"href":"https:\/\/acs.org.br\/academy\/wp-json\/wp\/v2\/users\/66"}],"replies":[{"embeddable":true,"href":"https:\/\/acs.org.br\/academy\/wp-json\/wp\/v2\/comments?post=113941"}],"version-history":[{"count":1,"href":"https:\/\/acs.org.br\/academy\/wp-json\/wp\/v2\/posts\/113941\/revisions"}],"predecessor-version":[{"id":113946,"href":"https:\/\/acs.org.br\/academy\/wp-json\/wp\/v2\/posts\/113941\/revisions\/113946"}],"wp:attachment":[{"href":"https:\/\/acs.org.br\/academy\/wp-json\/wp\/v2\/media?parent=113941"}],"wp:term":[{"taxonomy":"category","embeddable":true,"href":"https:\/\/acs.org.br\/academy\/wp-json\/wp\/v2\/categories?post=113941"},{"taxonomy":"post_tag","embeddable":true,"href":"https:\/\/acs.org.br\/academy\/wp-json\/wp\/v2\/tags?post=113941"}],"curies":[{"name":"wp","href":"https:\/\/api.w.org\/{rel}","templated":true}]}}