{"id":113936,"date":"2023-02-01T13:30:42","date_gmt":"2023-02-01T16:30:42","guid":{"rendered":"https:\/\/acs.org.br\/antigo\/?p=113936"},"modified":"2023-02-01T13:30:42","modified_gmt":"2023-02-01T16:30:42","slug":"porto-objetivo-do-governo-e-incentivar-a-aviacao-regional-diz-marcio-franca","status":"publish","type":"post","link":"https:\/\/acs.org.br\/academy\/porto-objetivo-do-governo-e-incentivar-a-aviacao-regional-diz-marcio-franca\/","title":{"rendered":"PORTO: Objetivo do Governo \u00e9 incentivar a avia\u00e7\u00e3o regional, diz M\u00e1rcio Fran\u00e7a"},"content":{"rendered":"<p>Fonte: BE News<\/p>\n<p>Fazer o Brasil se recuperar dos retrocessos e prosperar \u00e9 o prop\u00f3sito do governo federal com a nova gest\u00e3o presidencial. Como meta, o presidente Luiz In\u00e1cio Lula da Silva afirmou que pretende construir 100 novos aeroportos em pequenos munic\u00edpios no Brasil at\u00e9 o fim do seu terceiro mandato.<\/p>\n<p>O an\u00fancio, feito durante a segunda reuni\u00e3o do ano com os 27 governadores do pa\u00eds, lan\u00e7a o desafio para o ministro de Portos e Aeroportos, M\u00e1rcio Fran\u00e7a, que recebeu positivamente a determina\u00e7\u00e3o de Lula.<\/p>\n<p><a href=\"https:\/\/portalbenews.com.br\/editoria\/nacional\/objetivo-do-governo-e-incentivar-a-aviacao-regional-diz-marcio-franca\/\">LEIA MAIS&#8230;<\/a><\/p>\n","protected":false},"excerpt":{"rendered":"<p>Fonte: BE News Fazer o Brasil se recuperar dos retrocessos e prosperar \u00e9 o prop\u00f3sito do governo federal com a nova gest\u00e3o presidencial. Como meta, o presidente Luiz In\u00e1cio Lula da Silva afirmou que pretende construir 100 novos aeroportos em pequenos munic\u00edpios no Brasil at\u00e9 o fim do seu terceiro mandato. O an\u00fancio, feito durante [&hellip;]<\/p>\n","protected":false},"author":66,"featured_media":0,"comment_status":"open","ping_status":"open","sticky":false,"template":"","format":"standard","meta":{"footnotes":""},"categories":[105],"tags":[],"_links":{"self":[{"href":"https:\/\/acs.org.br\/academy\/wp-json\/wp\/v2\/posts\/113936"}],"collection":[{"href":"https:\/\/acs.org.br\/academy\/wp-json\/wp\/v2\/posts"}],"about":[{"href":"https:\/\/acs.org.br\/academy\/wp-json\/wp\/v2\/types\/post"}],"author":[{"embeddable":true,"href":"https:\/\/acs.org.br\/academy\/wp-json\/wp\/v2\/users\/66"}],"replies":[{"embeddable":true,"href":"https:\/\/acs.org.br\/academy\/wp-json\/wp\/v2\/comments?post=113936"}],"version-history":[{"count":1,"href":"https:\/\/acs.org.br\/academy\/wp-json\/wp\/v2\/posts\/113936\/revisions"}],"predecessor-version":[{"id":113945,"href":"https:\/\/acs.org.br\/academy\/wp-json\/wp\/v2\/posts\/113936\/revisions\/113945"}],"wp:attachment":[{"href":"https:\/\/acs.org.br\/academy\/wp-json\/wp\/v2\/media?parent=113936"}],"wp:term":[{"taxonomy":"category","embeddable":true,"href":"https:\/\/acs.org.br\/academy\/wp-json\/wp\/v2\/categories?post=113936"},{"taxonomy":"post_tag","embeddable":true,"href":"https:\/\/acs.org.br\/academy\/wp-json\/wp\/v2\/tags?post=113936"}],"curies":[{"name":"wp","href":"https:\/\/api.w.org\/{rel}","templated":true}]}}