{"id":113913,"date":"2023-01-31T13:43:44","date_gmt":"2023-01-31T16:43:44","guid":{"rendered":"https:\/\/acs.org.br\/antigo\/?p=113913"},"modified":"2023-01-31T13:43:44","modified_gmt":"2023-01-31T16:43:44","slug":"cafe-levantamento-destaca-mudancas-climaticas-e-de-volume-da-safra-brasileira-de-cafe-em-2023","status":"publish","type":"post","link":"https:\/\/acs.org.br\/academy\/cafe-levantamento-destaca-mudancas-climaticas-e-de-volume-da-safra-brasileira-de-cafe-em-2023\/","title":{"rendered":"CAF\u00c9: Levantamento destaca mudan\u00e7as clim\u00e1ticas e de volume da safra brasileira de caf\u00e9 em 2023"},"content":{"rendered":"<p>Fonte: Caf\u00e9 Point<\/p>\n<p>O Conselho Nacional do Caf\u00e9 (CNC) recebeu um relat\u00f3rio sobre o volume de produ\u00e7\u00e3o do caf\u00e9 brasileiro, com dados obtidos atrav\u00e9s da realiza\u00e7\u00e3o do \u201cRally da Safra de Ar\u00e1bica 2023\u201d. Segundo o Conselheiro do CNC e presidente da Federa\u00e7\u00e3o dos Cafeicultores da Regi\u00e3o do Cerrado, Francisco S\u00e9rgio de Assis, o levantamento foi feito por uma equipe de engenheiros agr\u00f4nomos, que percorreu 2.080 km nas regi\u00f5es do Sul de Minas, Cerrado Mineiro e Mogiana Paulista, dos dias 16 a 20 de janeiro deste ano.<\/p>\n<p><a href=\"https:\/\/www.cafepoint.com.br\/noticias\/giro-de-noticias\/levantamento-destaca-mudancas-climaticas-e-de-volume-da-safra-brasileira-de-cafe-em-2023-232642\/\">LEIA MAIS&#8230;<\/a><\/p>\n","protected":false},"excerpt":{"rendered":"<p>Fonte: Caf\u00e9 Point O Conselho Nacional do Caf\u00e9 (CNC) recebeu um relat\u00f3rio sobre o volume de produ\u00e7\u00e3o do caf\u00e9 brasileiro, com dados obtidos atrav\u00e9s da realiza\u00e7\u00e3o do \u201cRally da Safra de Ar\u00e1bica 2023\u201d. Segundo o Conselheiro do CNC e presidente da Federa\u00e7\u00e3o dos Cafeicultores da Regi\u00e3o do Cerrado, Francisco S\u00e9rgio de Assis, o levantamento foi [&hellip;]<\/p>\n","protected":false},"author":66,"featured_media":0,"comment_status":"open","ping_status":"open","sticky":false,"template":"","format":"standard","meta":{"footnotes":""},"categories":[105],"tags":[],"_links":{"self":[{"href":"https:\/\/acs.org.br\/academy\/wp-json\/wp\/v2\/posts\/113913"}],"collection":[{"href":"https:\/\/acs.org.br\/academy\/wp-json\/wp\/v2\/posts"}],"about":[{"href":"https:\/\/acs.org.br\/academy\/wp-json\/wp\/v2\/types\/post"}],"author":[{"embeddable":true,"href":"https:\/\/acs.org.br\/academy\/wp-json\/wp\/v2\/users\/66"}],"replies":[{"embeddable":true,"href":"https:\/\/acs.org.br\/academy\/wp-json\/wp\/v2\/comments?post=113913"}],"version-history":[{"count":1,"href":"https:\/\/acs.org.br\/academy\/wp-json\/wp\/v2\/posts\/113913\/revisions"}],"predecessor-version":[{"id":113914,"href":"https:\/\/acs.org.br\/academy\/wp-json\/wp\/v2\/posts\/113913\/revisions\/113914"}],"wp:attachment":[{"href":"https:\/\/acs.org.br\/academy\/wp-json\/wp\/v2\/media?parent=113913"}],"wp:term":[{"taxonomy":"category","embeddable":true,"href":"https:\/\/acs.org.br\/academy\/wp-json\/wp\/v2\/categories?post=113913"},{"taxonomy":"post_tag","embeddable":true,"href":"https:\/\/acs.org.br\/academy\/wp-json\/wp\/v2\/tags?post=113913"}],"curies":[{"name":"wp","href":"https:\/\/api.w.org\/{rel}","templated":true}]}}