{"id":113911,"date":"2023-01-31T13:43:20","date_gmt":"2023-01-31T16:43:20","guid":{"rendered":"https:\/\/acs.org.br\/antigo\/?p=113911"},"modified":"2023-01-31T13:43:20","modified_gmt":"2023-01-31T16:43:20","slug":"cafe-cafe-continua-em-alta-mercado-e-comprador-mas-produtor-ainda-limita-vendas","status":"publish","type":"post","link":"https:\/\/acs.org.br\/academy\/cafe-cafe-continua-em-alta-mercado-e-comprador-mas-produtor-ainda-limita-vendas\/","title":{"rendered":"CAF\u00c9: Caf\u00e9 continua em alta, mercado \u00e9 comprador, mas produtor ainda limita vendas"},"content":{"rendered":"<p>Fonte: Not\u00edcias Agr\u00edcolas \u00a0\u00a0\u00a0<\/p>\n<p>O mercado futuro do caf\u00e9 ar\u00e1bica abriu as negocia\u00e7\u00f5es desta ter\u00e7a-feira (31) ampliando os ganhos para os principais contratos na Bolsa de Nova York (ICE Future US). O caf\u00e9 continua com suporte na preocupa\u00e7\u00e3o com oferta restrita do produto. Segundo a an\u00e1lise do Escrit\u00f3rio Carvalhaes, as negocia\u00e7\u00f5es pouco avan\u00e7aram mesmo com a valoriza\u00e7\u00e3o dos pre\u00e7os.<\/p>\n<p><a href=\"https:\/\/www.noticiasagricolas.com.br\/noticias\/cafe\/339974-cafe-continua-em-alta-mercado-e-comprador-mas-produtor-ainda-limita-vendas.html#.Y9k063bMLIU\">LEIA MAIS&#8230;<\/a><\/p>\n","protected":false},"excerpt":{"rendered":"<p>Fonte: Not\u00edcias Agr\u00edcolas \u00a0\u00a0\u00a0 O mercado futuro do caf\u00e9 ar\u00e1bica abriu as negocia\u00e7\u00f5es desta ter\u00e7a-feira (31) ampliando os ganhos para os principais contratos na Bolsa de Nova York (ICE Future US). O caf\u00e9 continua com suporte na preocupa\u00e7\u00e3o com oferta restrita do produto. Segundo a an\u00e1lise do Escrit\u00f3rio Carvalhaes, as negocia\u00e7\u00f5es pouco avan\u00e7aram mesmo com [&hellip;]<\/p>\n","protected":false},"author":66,"featured_media":0,"comment_status":"open","ping_status":"open","sticky":false,"template":"","format":"standard","meta":{"footnotes":""},"categories":[105],"tags":[],"_links":{"self":[{"href":"https:\/\/acs.org.br\/academy\/wp-json\/wp\/v2\/posts\/113911"}],"collection":[{"href":"https:\/\/acs.org.br\/academy\/wp-json\/wp\/v2\/posts"}],"about":[{"href":"https:\/\/acs.org.br\/academy\/wp-json\/wp\/v2\/types\/post"}],"author":[{"embeddable":true,"href":"https:\/\/acs.org.br\/academy\/wp-json\/wp\/v2\/users\/66"}],"replies":[{"embeddable":true,"href":"https:\/\/acs.org.br\/academy\/wp-json\/wp\/v2\/comments?post=113911"}],"version-history":[{"count":1,"href":"https:\/\/acs.org.br\/academy\/wp-json\/wp\/v2\/posts\/113911\/revisions"}],"predecessor-version":[{"id":113912,"href":"https:\/\/acs.org.br\/academy\/wp-json\/wp\/v2\/posts\/113911\/revisions\/113912"}],"wp:attachment":[{"href":"https:\/\/acs.org.br\/academy\/wp-json\/wp\/v2\/media?parent=113911"}],"wp:term":[{"taxonomy":"category","embeddable":true,"href":"https:\/\/acs.org.br\/academy\/wp-json\/wp\/v2\/categories?post=113911"},{"taxonomy":"post_tag","embeddable":true,"href":"https:\/\/acs.org.br\/academy\/wp-json\/wp\/v2\/tags?post=113911"}],"curies":[{"name":"wp","href":"https:\/\/api.w.org\/{rel}","templated":true}]}}