{"id":113904,"date":"2023-01-31T13:42:25","date_gmt":"2023-01-31T16:42:25","guid":{"rendered":"https:\/\/acs.org.br\/antigo\/?p=113904"},"modified":"2023-01-31T13:42:25","modified_gmt":"2023-01-31T16:42:25","slug":"transporte-governo-quer-investir-r-188-bi-em-infraestrutura-de-transportes-em-2023-diz-renan","status":"publish","type":"post","link":"https:\/\/acs.org.br\/academy\/transporte-governo-quer-investir-r-188-bi-em-infraestrutura-de-transportes-em-2023-diz-renan\/","title":{"rendered":"TRANSPORTE: Governo quer investir R$ 18,8 bi em infraestrutura de transportes em 2023, diz Renan"},"content":{"rendered":"<p>Fonte: BE News<\/p>\n<p>O ministro dos Transportes, Renan Filho, divulgou ontem (30) que a meta do governo federal \u00e9 investir R$ 18,8 bilh\u00f5es na infraestrutura de transportes do pa\u00eds ainda neste ano.<\/p>\n<p>O an\u00fancio aconteceu durante a abertura do F\u00f3rum de Desempenho de 2023, que re\u00fane todos os superintendentes estaduais do Departamento Nacional de Infraestrutura de Transportes (Dnit).<\/p>\n<p><a href=\"https:\/\/portalbenews.com.br\/editoria\/modais\/rodovias\/governo-quer-investir-r-188-bi-em-infraestrutura-de-transportes-em-2023-diz-renan\/\">LEIA MAIS&#8230;<\/a><\/p>\n","protected":false},"excerpt":{"rendered":"<p>Fonte: BE News O ministro dos Transportes, Renan Filho, divulgou ontem (30) que a meta do governo federal \u00e9 investir R$ 18,8 bilh\u00f5es na infraestrutura de transportes do pa\u00eds ainda neste ano. O an\u00fancio aconteceu durante a abertura do F\u00f3rum de Desempenho de 2023, que re\u00fane todos os superintendentes estaduais do Departamento Nacional de Infraestrutura [&hellip;]<\/p>\n","protected":false},"author":66,"featured_media":0,"comment_status":"open","ping_status":"open","sticky":false,"template":"","format":"standard","meta":{"footnotes":""},"categories":[105],"tags":[],"_links":{"self":[{"href":"https:\/\/acs.org.br\/academy\/wp-json\/wp\/v2\/posts\/113904"}],"collection":[{"href":"https:\/\/acs.org.br\/academy\/wp-json\/wp\/v2\/posts"}],"about":[{"href":"https:\/\/acs.org.br\/academy\/wp-json\/wp\/v2\/types\/post"}],"author":[{"embeddable":true,"href":"https:\/\/acs.org.br\/academy\/wp-json\/wp\/v2\/users\/66"}],"replies":[{"embeddable":true,"href":"https:\/\/acs.org.br\/academy\/wp-json\/wp\/v2\/comments?post=113904"}],"version-history":[{"count":1,"href":"https:\/\/acs.org.br\/academy\/wp-json\/wp\/v2\/posts\/113904\/revisions"}],"predecessor-version":[{"id":113906,"href":"https:\/\/acs.org.br\/academy\/wp-json\/wp\/v2\/posts\/113904\/revisions\/113906"}],"wp:attachment":[{"href":"https:\/\/acs.org.br\/academy\/wp-json\/wp\/v2\/media?parent=113904"}],"wp:term":[{"taxonomy":"category","embeddable":true,"href":"https:\/\/acs.org.br\/academy\/wp-json\/wp\/v2\/categories?post=113904"},{"taxonomy":"post_tag","embeddable":true,"href":"https:\/\/acs.org.br\/academy\/wp-json\/wp\/v2\/tags?post=113904"}],"curies":[{"name":"wp","href":"https:\/\/api.w.org\/{rel}","templated":true}]}}