{"id":113899,"date":"2023-01-31T13:40:40","date_gmt":"2023-01-31T16:40:40","guid":{"rendered":"https:\/\/acs.org.br\/antigo\/?p=113899"},"modified":"2023-01-31T13:40:40","modified_gmt":"2023-01-31T16:40:40","slug":"economia-governo-espera-eleicao-no-congresso-para-definir-passo-de-reforma-tributaria","status":"publish","type":"post","link":"https:\/\/acs.org.br\/academy\/economia-governo-espera-eleicao-no-congresso-para-definir-passo-de-reforma-tributaria\/","title":{"rendered":"ECONOMIA: Governo espera elei\u00e7\u00e3o no Congresso para definir passo de reforma tribut\u00e1ria"},"content":{"rendered":"<p>Fonte: A Tribuna<\/p>\n<p>Favorito \u00e0 reelei\u00e7\u00e3o para o comando da C\u00e2mara, o deputado Arthur Lira (PP -AL) j\u00e1 sinalizou que vai apoiar a reforma tribut\u00e1ria para ser a marca da sua gest\u00e3o, mas prefeitos das capitais e representantes dos setores mais resistentes \u00e0 proposta querem negociar com o governo antes de a tramita\u00e7\u00e3o ser retomada no Congresso.<\/p>\n<p><a href=\"https:\/\/www.atribuna.com.br\/noticias\/politica\/governo-espera-eleicao-no-congresso-para-definir-passo-de-reforma-tributaria\">LEIA MAIS&#8230;<\/a><\/p>\n","protected":false},"excerpt":{"rendered":"<p>Fonte: A Tribuna Favorito \u00e0 reelei\u00e7\u00e3o para o comando da C\u00e2mara, o deputado Arthur Lira (PP -AL) j\u00e1 sinalizou que vai apoiar a reforma tribut\u00e1ria para ser a marca da sua gest\u00e3o, mas prefeitos das capitais e representantes dos setores mais resistentes \u00e0 proposta querem negociar com o governo antes de a tramita\u00e7\u00e3o ser retomada [&hellip;]<\/p>\n","protected":false},"author":66,"featured_media":0,"comment_status":"open","ping_status":"open","sticky":false,"template":"","format":"standard","meta":{"footnotes":""},"categories":[105],"tags":[],"_links":{"self":[{"href":"https:\/\/acs.org.br\/academy\/wp-json\/wp\/v2\/posts\/113899"}],"collection":[{"href":"https:\/\/acs.org.br\/academy\/wp-json\/wp\/v2\/posts"}],"about":[{"href":"https:\/\/acs.org.br\/academy\/wp-json\/wp\/v2\/types\/post"}],"author":[{"embeddable":true,"href":"https:\/\/acs.org.br\/academy\/wp-json\/wp\/v2\/users\/66"}],"replies":[{"embeddable":true,"href":"https:\/\/acs.org.br\/academy\/wp-json\/wp\/v2\/comments?post=113899"}],"version-history":[{"count":1,"href":"https:\/\/acs.org.br\/academy\/wp-json\/wp\/v2\/posts\/113899\/revisions"}],"predecessor-version":[{"id":113901,"href":"https:\/\/acs.org.br\/academy\/wp-json\/wp\/v2\/posts\/113899\/revisions\/113901"}],"wp:attachment":[{"href":"https:\/\/acs.org.br\/academy\/wp-json\/wp\/v2\/media?parent=113899"}],"wp:term":[{"taxonomy":"category","embeddable":true,"href":"https:\/\/acs.org.br\/academy\/wp-json\/wp\/v2\/categories?post=113899"},{"taxonomy":"post_tag","embeddable":true,"href":"https:\/\/acs.org.br\/academy\/wp-json\/wp\/v2\/tags?post=113899"}],"curies":[{"name":"wp","href":"https:\/\/api.w.org\/{rel}","templated":true}]}}