{"id":113897,"date":"2023-01-31T13:42:49","date_gmt":"2023-01-31T16:42:49","guid":{"rendered":"https:\/\/acs.org.br\/antigo\/?p=113897"},"modified":"2023-01-31T13:42:49","modified_gmt":"2023-01-31T16:42:49","slug":"mundo-franca-enfrenta-nova-onda-de-greve-contra-reforma-previdenciaria","status":"publish","type":"post","link":"https:\/\/acs.org.br\/academy\/mundo-franca-enfrenta-nova-onda-de-greve-contra-reforma-previdenciaria\/","title":{"rendered":"MUNDO: Fran\u00e7a enfrenta nova onda de greve contra reforma previdenci\u00e1ria"},"content":{"rendered":"<p>Fonte: Ag\u00eancia Brasil<\/p>\n<p>Uma segunda greve nacional afetava as refinarias, o transporte p\u00fablico e as escolas da Fran\u00e7a nesta ter\u00e7a-feira (31), enquanto trabalhadores protestam contra os planos do presidente Emmanuel Macron de fazer as pessoas trabalharem por mais tempo antes da aposentadoria.<\/p>\n<p><a href=\"https:\/\/agenciabrasil.ebc.com.br\/internacional\/noticia\/2023-01\/franca-enfrenta-nova-onda-de-greve-contra-reforma-previdenciaria\">LEIA MAIS&#8230;<\/a><\/p>\n","protected":false},"excerpt":{"rendered":"<p>Fonte: Ag\u00eancia Brasil Uma segunda greve nacional afetava as refinarias, o transporte p\u00fablico e as escolas da Fran\u00e7a nesta ter\u00e7a-feira (31), enquanto trabalhadores protestam contra os planos do presidente Emmanuel Macron de fazer as pessoas trabalharem por mais tempo antes da aposentadoria. LEIA MAIS&#8230;<\/p>\n","protected":false},"author":66,"featured_media":0,"comment_status":"open","ping_status":"open","sticky":false,"template":"","format":"standard","meta":{"footnotes":""},"categories":[105],"tags":[],"_links":{"self":[{"href":"https:\/\/acs.org.br\/academy\/wp-json\/wp\/v2\/posts\/113897"}],"collection":[{"href":"https:\/\/acs.org.br\/academy\/wp-json\/wp\/v2\/posts"}],"about":[{"href":"https:\/\/acs.org.br\/academy\/wp-json\/wp\/v2\/types\/post"}],"author":[{"embeddable":true,"href":"https:\/\/acs.org.br\/academy\/wp-json\/wp\/v2\/users\/66"}],"replies":[{"embeddable":true,"href":"https:\/\/acs.org.br\/academy\/wp-json\/wp\/v2\/comments?post=113897"}],"version-history":[{"count":1,"href":"https:\/\/acs.org.br\/academy\/wp-json\/wp\/v2\/posts\/113897\/revisions"}],"predecessor-version":[{"id":113907,"href":"https:\/\/acs.org.br\/academy\/wp-json\/wp\/v2\/posts\/113897\/revisions\/113907"}],"wp:attachment":[{"href":"https:\/\/acs.org.br\/academy\/wp-json\/wp\/v2\/media?parent=113897"}],"wp:term":[{"taxonomy":"category","embeddable":true,"href":"https:\/\/acs.org.br\/academy\/wp-json\/wp\/v2\/categories?post=113897"},{"taxonomy":"post_tag","embeddable":true,"href":"https:\/\/acs.org.br\/academy\/wp-json\/wp\/v2\/tags?post=113897"}],"curies":[{"name":"wp","href":"https:\/\/api.w.org\/{rel}","templated":true}]}}