{"id":113895,"date":"2023-01-31T13:40:11","date_gmt":"2023-01-31T16:40:11","guid":{"rendered":"https:\/\/acs.org.br\/antigo\/?p=113895"},"modified":"2023-01-31T13:40:11","modified_gmt":"2023-01-31T16:40:11","slug":"porto-balanco-da-antaq-traz-crescimento-na-movimentacao-de-cargas-em-hidrovias","status":"publish","type":"post","link":"https:\/\/acs.org.br\/academy\/porto-balanco-da-antaq-traz-crescimento-na-movimentacao-de-cargas-em-hidrovias\/","title":{"rendered":"PORTO: Balan\u00e7o da Antaq traz crescimento na movimenta\u00e7\u00e3o de cargas em hidrovias"},"content":{"rendered":"<p>Fonte: A Tribuna<\/p>\n<p>Um levantamento estat\u00edstico da Ag\u00eancia Nacional de Transportes Aquavi\u00e1rios (Antaq) aponta um salto na movimenta\u00e7\u00e3o de cargas em hidrovias brasileiras. Somente nos meses de outubro e novembro de 2022, a alta chega a 30% em determinadas regi\u00f5es hidrogr\u00e1ficas em compara\u00e7\u00e3o com o ano anterior, refor\u00e7ando a tend\u00eancia de balan\u00e7o anual positivo \u2013 ainda sem data para ser divulgado.<\/p>\n<p><a href=\"https:\/\/www.atribuna.com.br\/noticias\/portomar\/balanco-da-antaq-traz-crescimento-na-movimentacao-de-cargas-em-hidrovias-\">LEIA MAIS&#8230;<\/a><\/p>\n","protected":false},"excerpt":{"rendered":"<p>Fonte: A Tribuna Um levantamento estat\u00edstico da Ag\u00eancia Nacional de Transportes Aquavi\u00e1rios (Antaq) aponta um salto na movimenta\u00e7\u00e3o de cargas em hidrovias brasileiras. Somente nos meses de outubro e novembro de 2022, a alta chega a 30% em determinadas regi\u00f5es hidrogr\u00e1ficas em compara\u00e7\u00e3o com o ano anterior, refor\u00e7ando a tend\u00eancia de balan\u00e7o anual positivo \u2013 [&hellip;]<\/p>\n","protected":false},"author":66,"featured_media":0,"comment_status":"open","ping_status":"open","sticky":false,"template":"","format":"standard","meta":{"footnotes":""},"categories":[105],"tags":[],"_links":{"self":[{"href":"https:\/\/acs.org.br\/academy\/wp-json\/wp\/v2\/posts\/113895"}],"collection":[{"href":"https:\/\/acs.org.br\/academy\/wp-json\/wp\/v2\/posts"}],"about":[{"href":"https:\/\/acs.org.br\/academy\/wp-json\/wp\/v2\/types\/post"}],"author":[{"embeddable":true,"href":"https:\/\/acs.org.br\/academy\/wp-json\/wp\/v2\/users\/66"}],"replies":[{"embeddable":true,"href":"https:\/\/acs.org.br\/academy\/wp-json\/wp\/v2\/comments?post=113895"}],"version-history":[{"count":1,"href":"https:\/\/acs.org.br\/academy\/wp-json\/wp\/v2\/posts\/113895\/revisions"}],"predecessor-version":[{"id":113900,"href":"https:\/\/acs.org.br\/academy\/wp-json\/wp\/v2\/posts\/113895\/revisions\/113900"}],"wp:attachment":[{"href":"https:\/\/acs.org.br\/academy\/wp-json\/wp\/v2\/media?parent=113895"}],"wp:term":[{"taxonomy":"category","embeddable":true,"href":"https:\/\/acs.org.br\/academy\/wp-json\/wp\/v2\/categories?post=113895"},{"taxonomy":"post_tag","embeddable":true,"href":"https:\/\/acs.org.br\/academy\/wp-json\/wp\/v2\/tags?post=113895"}],"curies":[{"name":"wp","href":"https:\/\/api.w.org\/{rel}","templated":true}]}}