{"id":113884,"date":"2023-01-30T14:04:41","date_gmt":"2023-01-30T17:04:41","guid":{"rendered":"https:\/\/acs.org.br\/antigo\/?p=113884"},"modified":"2023-01-30T14:04:41","modified_gmt":"2023-01-30T17:04:41","slug":"cafe-polinizacao-de-cafe-e-tema-de-pesquisa","status":"publish","type":"post","link":"https:\/\/acs.org.br\/academy\/cafe-polinizacao-de-cafe-e-tema-de-pesquisa\/","title":{"rendered":"CAF\u00c9: Poliniza\u00e7\u00e3o de caf\u00e9 \u00e9 tema de pesquisa"},"content":{"rendered":"<p>Fonte: Caf\u00e9 Point<\/p>\n<p>Nos \u00faltimos anos muitos estudos envolvendo abelhas e caf\u00e9 tem sido realizados, j\u00e1 que elas podem ser treinadas para desempenhar tarefas de farejamento, como reconhecer com precis\u00e3o a fragr\u00e2ncia de culturas agr\u00edcolas, e, dessa forma, poliniz\u00e1-las com maior efic\u00e1cia.<\/p>\n<p>O ec\u00f3logo Jo\u00e3o Marcelo Robazzi explica que esses insetos polinizadores t\u00eam capacidade de desenvolver mem\u00f3ria olfativa, associando o ambiente onde coletam o p\u00f3len e o n\u00e9ctar de flores que lhes servem de alimento ao cheiro deles.<\/p>\n<p><a href=\"https:\/\/www.cafepoint.com.br\/noticias\/giro-de-noticias\/polinizacao-de-cafe-e-tema-de-pesquisa-232628\/\">LEIA MAIS&#8230;<\/a><\/p>\n","protected":false},"excerpt":{"rendered":"<p>Fonte: Caf\u00e9 Point Nos \u00faltimos anos muitos estudos envolvendo abelhas e caf\u00e9 tem sido realizados, j\u00e1 que elas podem ser treinadas para desempenhar tarefas de farejamento, como reconhecer com precis\u00e3o a fragr\u00e2ncia de culturas agr\u00edcolas, e, dessa forma, poliniz\u00e1-las com maior efic\u00e1cia. O ec\u00f3logo Jo\u00e3o Marcelo Robazzi explica que esses insetos polinizadores t\u00eam capacidade de [&hellip;]<\/p>\n","protected":false},"author":66,"featured_media":0,"comment_status":"open","ping_status":"open","sticky":false,"template":"","format":"standard","meta":{"footnotes":""},"categories":[105],"tags":[],"_links":{"self":[{"href":"https:\/\/acs.org.br\/academy\/wp-json\/wp\/v2\/posts\/113884"}],"collection":[{"href":"https:\/\/acs.org.br\/academy\/wp-json\/wp\/v2\/posts"}],"about":[{"href":"https:\/\/acs.org.br\/academy\/wp-json\/wp\/v2\/types\/post"}],"author":[{"embeddable":true,"href":"https:\/\/acs.org.br\/academy\/wp-json\/wp\/v2\/users\/66"}],"replies":[{"embeddable":true,"href":"https:\/\/acs.org.br\/academy\/wp-json\/wp\/v2\/comments?post=113884"}],"version-history":[{"count":1,"href":"https:\/\/acs.org.br\/academy\/wp-json\/wp\/v2\/posts\/113884\/revisions"}],"predecessor-version":[{"id":113886,"href":"https:\/\/acs.org.br\/academy\/wp-json\/wp\/v2\/posts\/113884\/revisions\/113886"}],"wp:attachment":[{"href":"https:\/\/acs.org.br\/academy\/wp-json\/wp\/v2\/media?parent=113884"}],"wp:term":[{"taxonomy":"category","embeddable":true,"href":"https:\/\/acs.org.br\/academy\/wp-json\/wp\/v2\/categories?post=113884"},{"taxonomy":"post_tag","embeddable":true,"href":"https:\/\/acs.org.br\/academy\/wp-json\/wp\/v2\/tags?post=113884"}],"curies":[{"name":"wp","href":"https:\/\/api.w.org\/{rel}","templated":true}]}}