{"id":113878,"date":"2023-01-30T14:03:42","date_gmt":"2023-01-30T17:03:42","guid":{"rendered":"https:\/\/acs.org.br\/antigo\/?p=113878"},"modified":"2023-01-30T14:03:42","modified_gmt":"2023-01-30T17:03:42","slug":"mundo-presidente-peruana-pede-que-congresso-antecipe-eleicoes-em-meio-a-protestos-e-mortes","status":"publish","type":"post","link":"https:\/\/acs.org.br\/academy\/mundo-presidente-peruana-pede-que-congresso-antecipe-eleicoes-em-meio-a-protestos-e-mortes\/","title":{"rendered":"MUNDO: Presidente peruana pede que Congresso antecipe elei\u00e7\u00f5es em meio a protestos e mortes"},"content":{"rendered":"<p>Fonte: CNN Brasil<\/p>\n<p>A presidente do Peru, Dina Boluarte, pediu no domingo (29) aos parlamentares que reconsiderem a proposta de antecipar as elei\u00e7\u00f5es para o final deste ano, e prometeu que vai propor uma reforma constitucional para mudar as elei\u00e7\u00f5es gerais para outubro se os parlamentares n\u00e3o o fizerem.<\/p>\n<p><a href=\"https:\/\/www.cnnbrasil.com.br\/internacional\/presidente-peruana-pede-que-congresso-antecipe-eleicoes-em-meio-a-protestos-e-mortes\/\">LEIA MAIS&#8230;<\/a><\/p>\n","protected":false},"excerpt":{"rendered":"<p>Fonte: CNN Brasil A presidente do Peru, Dina Boluarte, pediu no domingo (29) aos parlamentares que reconsiderem a proposta de antecipar as elei\u00e7\u00f5es para o final deste ano, e prometeu que vai propor uma reforma constitucional para mudar as elei\u00e7\u00f5es gerais para outubro se os parlamentares n\u00e3o o fizerem. LEIA MAIS&#8230;<\/p>\n","protected":false},"author":66,"featured_media":0,"comment_status":"open","ping_status":"open","sticky":false,"template":"","format":"standard","meta":{"footnotes":""},"categories":[105],"tags":[],"_links":{"self":[{"href":"https:\/\/acs.org.br\/academy\/wp-json\/wp\/v2\/posts\/113878"}],"collection":[{"href":"https:\/\/acs.org.br\/academy\/wp-json\/wp\/v2\/posts"}],"about":[{"href":"https:\/\/acs.org.br\/academy\/wp-json\/wp\/v2\/types\/post"}],"author":[{"embeddable":true,"href":"https:\/\/acs.org.br\/academy\/wp-json\/wp\/v2\/users\/66"}],"replies":[{"embeddable":true,"href":"https:\/\/acs.org.br\/academy\/wp-json\/wp\/v2\/comments?post=113878"}],"version-history":[{"count":1,"href":"https:\/\/acs.org.br\/academy\/wp-json\/wp\/v2\/posts\/113878\/revisions"}],"predecessor-version":[{"id":113882,"href":"https:\/\/acs.org.br\/academy\/wp-json\/wp\/v2\/posts\/113878\/revisions\/113882"}],"wp:attachment":[{"href":"https:\/\/acs.org.br\/academy\/wp-json\/wp\/v2\/media?parent=113878"}],"wp:term":[{"taxonomy":"category","embeddable":true,"href":"https:\/\/acs.org.br\/academy\/wp-json\/wp\/v2\/categories?post=113878"},{"taxonomy":"post_tag","embeddable":true,"href":"https:\/\/acs.org.br\/academy\/wp-json\/wp\/v2\/tags?post=113878"}],"curies":[{"name":"wp","href":"https:\/\/api.w.org\/{rel}","templated":true}]}}