{"id":113877,"date":"2023-01-30T14:03:15","date_gmt":"2023-01-30T17:03:15","guid":{"rendered":"https:\/\/acs.org.br\/antigo\/?p=113877"},"modified":"2023-01-30T14:03:15","modified_gmt":"2023-01-30T17:03:15","slug":"atualidades-alemanha-anuncia-doacao-de-r-1-bilhao-ao-brasil-para-projetos-de-combate-a-mudancas-climaticas","status":"publish","type":"post","link":"https:\/\/acs.org.br\/academy\/atualidades-alemanha-anuncia-doacao-de-r-1-bilhao-ao-brasil-para-projetos-de-combate-a-mudancas-climaticas\/","title":{"rendered":"ATUALIDADES: Alemanha anuncia doa\u00e7\u00e3o de R$ 1 bilh\u00e3o ao Brasil para projetos de combate a mudan\u00e7as clim\u00e1ticas"},"content":{"rendered":"<p>Fonte: CNN Brasil \u00a0<\/p>\n<p>A ministra da Coopera\u00e7\u00e3o Econ\u00f4mica e Desenvolvimento da Alemanha, Svenja Schulze, anunciou nesta segunda-feira (30) uma doa\u00e7\u00e3o da ordem de 200 milh\u00f5es de euros, mais de R$ 1 bilh\u00e3o de reais, para projetos de conserva\u00e7\u00e3o de florestas e conten\u00e7\u00e3o de mudan\u00e7as clim\u00e1ticas nos primeiros 100 dias do governo de Luiz In\u00e1cio Lula da Silva (PT).<\/p>\n<p><a href=\"https:\/\/www.cnnbrasil.com.br\/politica\/alemanha-anuncia-doacao-de-r-1-bilhao-ao-brasil-para-projetos-de-combate-a-mudancas-climaticas\/\">LEIA MAIS&#8230;<\/a><\/p>\n","protected":false},"excerpt":{"rendered":"<p>Fonte: CNN Brasil \u00a0 A ministra da Coopera\u00e7\u00e3o Econ\u00f4mica e Desenvolvimento da Alemanha, Svenja Schulze, anunciou nesta segunda-feira (30) uma doa\u00e7\u00e3o da ordem de 200 milh\u00f5es de euros, mais de R$ 1 bilh\u00e3o de reais, para projetos de conserva\u00e7\u00e3o de florestas e conten\u00e7\u00e3o de mudan\u00e7as clim\u00e1ticas nos primeiros 100 dias do governo de Luiz In\u00e1cio [&hellip;]<\/p>\n","protected":false},"author":66,"featured_media":0,"comment_status":"open","ping_status":"open","sticky":false,"template":"","format":"standard","meta":{"footnotes":""},"categories":[105],"tags":[],"_links":{"self":[{"href":"https:\/\/acs.org.br\/academy\/wp-json\/wp\/v2\/posts\/113877"}],"collection":[{"href":"https:\/\/acs.org.br\/academy\/wp-json\/wp\/v2\/posts"}],"about":[{"href":"https:\/\/acs.org.br\/academy\/wp-json\/wp\/v2\/types\/post"}],"author":[{"embeddable":true,"href":"https:\/\/acs.org.br\/academy\/wp-json\/wp\/v2\/users\/66"}],"replies":[{"embeddable":true,"href":"https:\/\/acs.org.br\/academy\/wp-json\/wp\/v2\/comments?post=113877"}],"version-history":[{"count":1,"href":"https:\/\/acs.org.br\/academy\/wp-json\/wp\/v2\/posts\/113877\/revisions"}],"predecessor-version":[{"id":113881,"href":"https:\/\/acs.org.br\/academy\/wp-json\/wp\/v2\/posts\/113877\/revisions\/113881"}],"wp:attachment":[{"href":"https:\/\/acs.org.br\/academy\/wp-json\/wp\/v2\/media?parent=113877"}],"wp:term":[{"taxonomy":"category","embeddable":true,"href":"https:\/\/acs.org.br\/academy\/wp-json\/wp\/v2\/categories?post=113877"},{"taxonomy":"post_tag","embeddable":true,"href":"https:\/\/acs.org.br\/academy\/wp-json\/wp\/v2\/tags?post=113877"}],"curies":[{"name":"wp","href":"https:\/\/api.w.org\/{rel}","templated":true}]}}