{"id":113876,"date":"2023-01-30T14:02:48","date_gmt":"2023-01-30T17:02:48","guid":{"rendered":"https:\/\/acs.org.br\/antigo\/?p=113876"},"modified":"2023-01-30T14:02:48","modified_gmt":"2023-01-30T17:02:48","slug":"comercio-exterior-governo-lula-sinaliza-aos-eua-que-acabara-com-isencao-na-taxa-de-importacao-do-etanol","status":"publish","type":"post","link":"https:\/\/acs.org.br\/academy\/comercio-exterior-governo-lula-sinaliza-aos-eua-que-acabara-com-isencao-na-taxa-de-importacao-do-etanol\/","title":{"rendered":"COM\u00c9RCIO EXTERIOR: Governo Lula sinaliza aos EUA que acabar\u00e1 com isen\u00e7\u00e3o na taxa de importa\u00e7\u00e3o do etanol"},"content":{"rendered":"<p>Fonte: Santaportal<\/p>\n<p>Representantes da gest\u00e3o Luiz In\u00e1cio Lula da Silva (PT) j\u00e1 sinalizaram em reuni\u00f5es com o governo do Estados Unidos que a suspens\u00e3o de tarifa de 18% aplicada sobre a importa\u00e7\u00e3o do etanol deve ser encerrada em breve.<\/p>\n<p><a href=\"https:\/\/santaportal.com.br\/geral\/governo-lula-sinaliza-aos-eua-que-acabara-com-isencao-na-taxa-de-importacao-do-etanol\/\">LEIA MAIS&#8230;<\/a><\/p>\n","protected":false},"excerpt":{"rendered":"<p>Fonte: Santaportal Representantes da gest\u00e3o Luiz In\u00e1cio Lula da Silva (PT) j\u00e1 sinalizaram em reuni\u00f5es com o governo do Estados Unidos que a suspens\u00e3o de tarifa de 18% aplicada sobre a importa\u00e7\u00e3o do etanol deve ser encerrada em breve. LEIA MAIS&#8230;<\/p>\n","protected":false},"author":66,"featured_media":0,"comment_status":"open","ping_status":"open","sticky":false,"template":"","format":"standard","meta":{"footnotes":""},"categories":[105],"tags":[],"_links":{"self":[{"href":"https:\/\/acs.org.br\/academy\/wp-json\/wp\/v2\/posts\/113876"}],"collection":[{"href":"https:\/\/acs.org.br\/academy\/wp-json\/wp\/v2\/posts"}],"about":[{"href":"https:\/\/acs.org.br\/academy\/wp-json\/wp\/v2\/types\/post"}],"author":[{"embeddable":true,"href":"https:\/\/acs.org.br\/academy\/wp-json\/wp\/v2\/users\/66"}],"replies":[{"embeddable":true,"href":"https:\/\/acs.org.br\/academy\/wp-json\/wp\/v2\/comments?post=113876"}],"version-history":[{"count":1,"href":"https:\/\/acs.org.br\/academy\/wp-json\/wp\/v2\/posts\/113876\/revisions"}],"predecessor-version":[{"id":113880,"href":"https:\/\/acs.org.br\/academy\/wp-json\/wp\/v2\/posts\/113876\/revisions\/113880"}],"wp:attachment":[{"href":"https:\/\/acs.org.br\/academy\/wp-json\/wp\/v2\/media?parent=113876"}],"wp:term":[{"taxonomy":"category","embeddable":true,"href":"https:\/\/acs.org.br\/academy\/wp-json\/wp\/v2\/categories?post=113876"},{"taxonomy":"post_tag","embeddable":true,"href":"https:\/\/acs.org.br\/academy\/wp-json\/wp\/v2\/tags?post=113876"}],"curies":[{"name":"wp","href":"https:\/\/api.w.org\/{rel}","templated":true}]}}