{"id":113874,"date":"2023-01-30T14:02:21","date_gmt":"2023-01-30T17:02:21","guid":{"rendered":"https:\/\/acs.org.br\/antigo\/?p=113874"},"modified":"2023-01-30T14:02:21","modified_gmt":"2023-01-30T17:02:21","slug":"economia-mercado-financeiro-eleva-projecao-da-inflacao-de-548-para-574","status":"publish","type":"post","link":"https:\/\/acs.org.br\/academy\/economia-mercado-financeiro-eleva-projecao-da-inflacao-de-548-para-574\/","title":{"rendered":"ECONOMIA: Mercado financeiro eleva proje\u00e7\u00e3o da infla\u00e7\u00e3o de 5,48% para 5,74%"},"content":{"rendered":"<p>Fonte: Ag\u00eancia Brasil<\/p>\n<p>A previs\u00e3o do mercado financeiro para o \u00cdndice Nacional de Pre\u00e7os ao Consumidor Amplo (IPCA), considerada a infla\u00e7\u00e3o oficial do pa\u00eds, subiu de 5,48% para 5,74% para este ano.<\/p>\n<p>A estimativa consta do Boletim Focus de hoje (30), pesquisa divulgada semanalmente pelo Banco Central (BC), em Bras\u00edlia, com a expectativa de institui\u00e7\u00f5es financeiras para os principais indicadores econ\u00f4micos.<\/p>\n<p><a href=\"https:\/\/agenciabrasil.ebc.com.br\/economia\/noticia\/2023-01\/mercado-financeiro-eleva-projecao-da-inflacao-de-548-para-574\">LEIA MAIS&#8230;<\/a><\/p>\n","protected":false},"excerpt":{"rendered":"<p>Fonte: Ag\u00eancia Brasil A previs\u00e3o do mercado financeiro para o \u00cdndice Nacional de Pre\u00e7os ao Consumidor Amplo (IPCA), considerada a infla\u00e7\u00e3o oficial do pa\u00eds, subiu de 5,48% para 5,74% para este ano. A estimativa consta do Boletim Focus de hoje (30), pesquisa divulgada semanalmente pelo Banco Central (BC), em Bras\u00edlia, com a expectativa de institui\u00e7\u00f5es [&hellip;]<\/p>\n","protected":false},"author":66,"featured_media":0,"comment_status":"open","ping_status":"open","sticky":false,"template":"","format":"standard","meta":{"footnotes":""},"categories":[105],"tags":[],"_links":{"self":[{"href":"https:\/\/acs.org.br\/academy\/wp-json\/wp\/v2\/posts\/113874"}],"collection":[{"href":"https:\/\/acs.org.br\/academy\/wp-json\/wp\/v2\/posts"}],"about":[{"href":"https:\/\/acs.org.br\/academy\/wp-json\/wp\/v2\/types\/post"}],"author":[{"embeddable":true,"href":"https:\/\/acs.org.br\/academy\/wp-json\/wp\/v2\/users\/66"}],"replies":[{"embeddable":true,"href":"https:\/\/acs.org.br\/academy\/wp-json\/wp\/v2\/comments?post=113874"}],"version-history":[{"count":1,"href":"https:\/\/acs.org.br\/academy\/wp-json\/wp\/v2\/posts\/113874\/revisions"}],"predecessor-version":[{"id":113879,"href":"https:\/\/acs.org.br\/academy\/wp-json\/wp\/v2\/posts\/113874\/revisions\/113879"}],"wp:attachment":[{"href":"https:\/\/acs.org.br\/academy\/wp-json\/wp\/v2\/media?parent=113874"}],"wp:term":[{"taxonomy":"category","embeddable":true,"href":"https:\/\/acs.org.br\/academy\/wp-json\/wp\/v2\/categories?post=113874"},{"taxonomy":"post_tag","embeddable":true,"href":"https:\/\/acs.org.br\/academy\/wp-json\/wp\/v2\/tags?post=113874"}],"curies":[{"name":"wp","href":"https:\/\/api.w.org\/{rel}","templated":true}]}}