{"id":113870,"date":"2023-01-30T14:00:17","date_gmt":"2023-01-30T17:00:17","guid":{"rendered":"https:\/\/acs.org.br\/antigo\/?p=113870"},"modified":"2023-01-30T14:00:17","modified_gmt":"2023-01-30T17:00:17","slug":"economia-preco-de-combustivel-e-assunto-do-governo-afirma-presidente-da-petrobras","status":"publish","type":"post","link":"https:\/\/acs.org.br\/academy\/economia-preco-de-combustivel-e-assunto-do-governo-afirma-presidente-da-petrobras\/","title":{"rendered":"ECONOMIA: Pre\u00e7o de combust\u00edvel \u00e9 assunto do governo afirma presidente da Petrobras"},"content":{"rendered":"<p>Fonte: A Tribuna<\/p>\n<p>O novo presidente da Petrobras, Jean Paul Prates, afirmou nesta segunda-feira, 30, que pre\u00e7o de combust\u00edveis \u00e9 um assunto de governo. Ele falou no workshop mundial do Programa de Acelera\u00e7\u00e3o do Empreendedorismo Regional (REAP) do Massachusetts Institute of Technology (MIT), que acontece nesta segunda-feira,30, no Rio.<\/p>\n<p><a href=\"https:\/\/www.atribuna.com.br\/noticias\/economia\/preco-de-combustivel-e-assunto-de-governo-afirma-presidente-da-petrobras\">LEIA MAIS&#8230;<\/a><\/p>\n","protected":false},"excerpt":{"rendered":"<p>Fonte: A Tribuna O novo presidente da Petrobras, Jean Paul Prates, afirmou nesta segunda-feira, 30, que pre\u00e7o de combust\u00edveis \u00e9 um assunto de governo. Ele falou no workshop mundial do Programa de Acelera\u00e7\u00e3o do Empreendedorismo Regional (REAP) do Massachusetts Institute of Technology (MIT), que acontece nesta segunda-feira,30, no Rio. LEIA MAIS&#8230;<\/p>\n","protected":false},"author":66,"featured_media":0,"comment_status":"open","ping_status":"open","sticky":false,"template":"","format":"standard","meta":{"footnotes":""},"categories":[105],"tags":[],"_links":{"self":[{"href":"https:\/\/acs.org.br\/academy\/wp-json\/wp\/v2\/posts\/113870"}],"collection":[{"href":"https:\/\/acs.org.br\/academy\/wp-json\/wp\/v2\/posts"}],"about":[{"href":"https:\/\/acs.org.br\/academy\/wp-json\/wp\/v2\/types\/post"}],"author":[{"embeddable":true,"href":"https:\/\/acs.org.br\/academy\/wp-json\/wp\/v2\/users\/66"}],"replies":[{"embeddable":true,"href":"https:\/\/acs.org.br\/academy\/wp-json\/wp\/v2\/comments?post=113870"}],"version-history":[{"count":1,"href":"https:\/\/acs.org.br\/academy\/wp-json\/wp\/v2\/posts\/113870\/revisions"}],"predecessor-version":[{"id":113871,"href":"https:\/\/acs.org.br\/academy\/wp-json\/wp\/v2\/posts\/113870\/revisions\/113871"}],"wp:attachment":[{"href":"https:\/\/acs.org.br\/academy\/wp-json\/wp\/v2\/media?parent=113870"}],"wp:term":[{"taxonomy":"category","embeddable":true,"href":"https:\/\/acs.org.br\/academy\/wp-json\/wp\/v2\/categories?post=113870"},{"taxonomy":"post_tag","embeddable":true,"href":"https:\/\/acs.org.br\/academy\/wp-json\/wp\/v2\/tags?post=113870"}],"curies":[{"name":"wp","href":"https:\/\/api.w.org\/{rel}","templated":true}]}}