{"id":113868,"date":"2023-01-30T13:59:52","date_gmt":"2023-01-30T16:59:52","guid":{"rendered":"https:\/\/acs.org.br\/antigo\/?p=113868"},"modified":"2023-01-30T13:59:52","modified_gmt":"2023-01-30T16:59:52","slug":"porto-antaq-fecha-passagem-pelo-porto-de-santos-com-visita-a-terminais-privados","status":"publish","type":"post","link":"https:\/\/acs.org.br\/academy\/porto-antaq-fecha-passagem-pelo-porto-de-santos-com-visita-a-terminais-privados\/","title":{"rendered":"PORTO: Antaq fecha passagem pelo Porto de Santos com visita a terminais privados"},"content":{"rendered":"<p>Fonte: BE News<\/p>\n<p>A Ag\u00eancia Nacional de Transportes Aquavi\u00e1rios (Antaq) concluiu os dois dias de visitas t\u00e9cnicas nas instala\u00e7\u00f5es do Porto de Santos. O primeiro dia foi marcado por acompanhar o andamento dos projetos de solu\u00e7\u00f5es de integra\u00e7\u00e3o operacional, garantia da capacidade e de mitiga\u00e7\u00e3o de conflitos urbanos no acesso ao porto, enquanto no segundo dia houve visita aos terminais privados e suas propostas para obras de amplia\u00e7\u00e3o.<\/p>\n<p><a href=\"https:\/\/portalbenews.com.br\/editoria\/porto-de-santos\/antaq-fecha-passagem-pelo-porto-de-santos-com-visita-a-terminais-privados\">LEIA MAIS&#8230;<\/a><\/p>\n","protected":false},"excerpt":{"rendered":"<p>Fonte: BE News A Ag\u00eancia Nacional de Transportes Aquavi\u00e1rios (Antaq) concluiu os dois dias de visitas t\u00e9cnicas nas instala\u00e7\u00f5es do Porto de Santos. O primeiro dia foi marcado por acompanhar o andamento dos projetos de solu\u00e7\u00f5es de integra\u00e7\u00e3o operacional, garantia da capacidade e de mitiga\u00e7\u00e3o de conflitos urbanos no acesso ao porto, enquanto no segundo [&hellip;]<\/p>\n","protected":false},"author":66,"featured_media":0,"comment_status":"open","ping_status":"open","sticky":false,"template":"","format":"standard","meta":{"footnotes":""},"categories":[105],"tags":[],"_links":{"self":[{"href":"https:\/\/acs.org.br\/academy\/wp-json\/wp\/v2\/posts\/113868"}],"collection":[{"href":"https:\/\/acs.org.br\/academy\/wp-json\/wp\/v2\/posts"}],"about":[{"href":"https:\/\/acs.org.br\/academy\/wp-json\/wp\/v2\/types\/post"}],"author":[{"embeddable":true,"href":"https:\/\/acs.org.br\/academy\/wp-json\/wp\/v2\/users\/66"}],"replies":[{"embeddable":true,"href":"https:\/\/acs.org.br\/academy\/wp-json\/wp\/v2\/comments?post=113868"}],"version-history":[{"count":1,"href":"https:\/\/acs.org.br\/academy\/wp-json\/wp\/v2\/posts\/113868\/revisions"}],"predecessor-version":[{"id":113869,"href":"https:\/\/acs.org.br\/academy\/wp-json\/wp\/v2\/posts\/113868\/revisions\/113869"}],"wp:attachment":[{"href":"https:\/\/acs.org.br\/academy\/wp-json\/wp\/v2\/media?parent=113868"}],"wp:term":[{"taxonomy":"category","embeddable":true,"href":"https:\/\/acs.org.br\/academy\/wp-json\/wp\/v2\/categories?post=113868"},{"taxonomy":"post_tag","embeddable":true,"href":"https:\/\/acs.org.br\/academy\/wp-json\/wp\/v2\/tags?post=113868"}],"curies":[{"name":"wp","href":"https:\/\/api.w.org\/{rel}","templated":true}]}}